{"id":559783,"date":"2026-07-16T16:44:57","date_gmt":"2026-07-16T20:44:57","guid":{"rendered":"https:\/\/villanews.com.br\/?p=559783"},"modified":"2026-07-16T16:44:57","modified_gmt":"2026-07-16T20:44:57","slug":"tarifaco-governo-lula-reitera-acusacoes-contra-os-eua-e-ameaca-reciprocidade","status":"publish","type":"post","link":"https:\/\/villanews.com.br\/?p=559783","title":{"rendered":"Tarifa\u00e7o: governo Lula reitera acusa\u00e7\u00f5es contra os EUA e amea\u00e7a reciprocidade"},"content":{"rendered":"<div class=\"postBody-module-scss-module__8_WGKG__postBodyContainer\">\n<p>Durante entrevista coletiva nesta quinta-feira (16), integrantes do governo Lula refor\u00e7aram as cr\u00edticas aos Estados Unidos ap\u00f3s a decis\u00e3o de impor uma tarifa adicional de 25% sobre produtos brasileiros. Os ministros e auxiliares do governo afirmaram que a medida tem motiva\u00e7\u00e3o pol\u00edtica, classificaram as justificativas apresentadas por Washington como falsas e indicaram que o Brasil poder\u00e1 recorrer \u00e0 Lei da Reciprocidade Econ\u00f4mica, al\u00e9m de oferecer apoio financeiro aos setores afetados.<\/p>\n<p>Participaram da coletiva o ministro da Fazenda, Dario Durigan; o ministro do Desenvolvimento, Ind\u00fastria, Com\u00e9rcio e Servi\u00e7os (MDIC), M\u00e1rcio Fernando Elias Rosa; o presidente do Banco Central, Gabriel Gal\u00edpolo; o vice-presidente da Rep\u00fablica, Geraldo Alckmin; o ministro das Rela\u00e7\u00f5es Exteriores, Mauro Vieira; o ministro interino do Meio Ambiente e Mudan\u00e7a do Clima, Jo\u00e3o Paulo Capobianco; e a secret\u00e1ria nacional de Justi\u00e7a, Maria Rosa Guimar\u00e3es Loula.<\/p>\n<h2>Alckmin fala em reciprocidade e culpa advers\u00e1rios pol\u00edticos<\/h2>\n<p>Alckmin abriu a coletiva classificando o tarifa\u00e7o como &#8220;injusto&#8221;. Segundo o vice-presidente, as justificativas apresentadas pelos EUA s\u00e3o &#8220;falsas&#8221; e o governo brasileiro est\u00e1 preparado para adotar medidas de reciprocidade.<\/p>\n<p>Sem citar nominalmente o ex-deputado federal Eduardo Bolsonaro (PL-SP), Alckmin atribuiu parte da crise \u00e0 atua\u00e7\u00e3o de &#8220;quem tenta sabotar o Brasil l\u00e1 fora&#8221; e afirmou que &#8220;o governo trabalha para apoiar quem trabalha aqui dentro&#8221;.<\/p>\n<p>O vice-presidente tamb\u00e9m disse que o governo buscar\u00e1 ampliar o acesso de produtos brasileiros a novos mercados para reduzir a depend\u00eancia das exporta\u00e7\u00f5es aos Estados Unidos.<\/p>\n<h2>Governo v\u00ea motiva\u00e7\u00e3o pol\u00edtica e promete apoio a empresas<\/h2>\n<p>Dario Durigan afirmou que a decis\u00e3o do governo americano teve motiva\u00e7\u00e3o pol\u00edtica e criticou parlamentares da oposi\u00e7\u00e3o que apoiaram a medida. Segundo o ministro, esse comportamento demonstra &#8220;falta de patriotismo&#8221;.<\/p>\n<p>Na mesma linha, o chanceler Mauro Vieira reiterou declara\u00e7\u00f5es f<a href=\"https:\/\/www.gazetadopovo.com.br\/republica\/mauro-vieira-eua-se-incomodam-brasil-nao-se-curvar-exigencias-trump\/?ref=busca\">eitas anteriormente<\/a> e acusou os EUA de agir por revanchismo. Segundo ele, a rea\u00e7\u00e3o americana decorre do fato de &#8220;o Brasil n\u00e3o ter se curvado \u00e0s pretens\u00f5es desmedidas e \u00e0s demandas irrazo\u00e1veis apresentadas durante o curso das negocia\u00e7\u00f5es&#8221;.<\/p>\n<p>M\u00e1rcio Fernando Elias Rosa afirmou que o governo prepara medidas de apoio aos setores afetados pelo tarifa\u00e7o, incluindo mecanismos de financiamento, al\u00e9m da abertura de novos mercados para compensar as perdas. O ministro tamb\u00e9m criticou as exig\u00eancias americanas e afirmou que o governo brasileiro conduziu as negocia\u00e7\u00f5es em defesa da soberania nacional.<\/p>\n<h2>Governo rebate cr\u00edticas sobre Pix e desmatamento<\/h2>\n<p>No documento que embasa a medida, o governo americano afirma que o Banco Central exerce simultaneamente as fun\u00e7\u00f5es de regulador e operador do Pix, o que poderia favorecer uma plataforma p\u00fablica em detrimento de empresas privadas, incluindo companhias americanas que oferecem servi\u00e7os de pagamento digital.<\/p>\n<p>Gabriel Gal\u00edpolo e Maria Rosa Guimar\u00e3es Loula contestaram as justificativas apresentadas pelos EUA.<\/p>\n<p>Os EUA tamb\u00e9m sustentam que o Brasil n\u00e3o aplica de forma efetiva sua legisla\u00e7\u00e3o para combater o desmatamento ilegal, o que, na avalia\u00e7\u00e3o de Washington, prejudicaria a competitividade de empresas americanas.<\/p>\n<p>O ministro interino do Meio Ambiente, Jo\u00e3o Paulo Capobianco, rejeitou a acusa\u00e7\u00e3o. Segundo ele, o Brasil mant\u00e9m a\u00e7\u00f5es de combate ao desmatamento ilegal e o governo dos Estados Unidos ignorou relat\u00f3rios t\u00e9cnicos apresentados pelo minist\u00e9rio durante as negocia\u00e7\u00f5es.<\/p>\n<p>VEJA TAMB\u00c9M:<\/p>\n<\/div>","protected":false},"excerpt":{"rendered":"<p>Durante entrevista coletiva nesta quinta-feira (16), integrantes do governo Lula refor\u00e7aram as cr\u00edticas aos Estados Unidos ap\u00f3s a decis\u00e3o de&hellip;<\/p>\n","protected":false},"author":4,"featured_media":559723,"comment_status":"open","ping_status":"open","sticky":false,"template":"","format":"standard","meta":{"footnotes":""},"categories":[204],"tags":[],"class_list":["post-559783","post","type-post","status-publish","format-standard","has-post-thumbnail","hentry","category-ultimas-noticias"],"_links":{"self":[{"href":"https:\/\/villanews.com.br\/index.php?rest_route=\/wp\/v2\/posts\/559783","targetHints":{"allow":["GET"]}}],"collection":[{"href":"https:\/\/villanews.com.br\/index.php?rest_route=\/wp\/v2\/posts"}],"about":[{"href":"https:\/\/villanews.com.br\/index.php?rest_route=\/wp\/v2\/types\/post"}],"author":[{"embeddable":true,"href":"https:\/\/villanews.com.br\/index.php?rest_route=\/wp\/v2\/users\/4"}],"replies":[{"embeddable":true,"href":"https:\/\/villanews.com.br\/index.php?rest_route=%2Fwp%2Fv2%2Fcomments&post=559783"}],"version-history":[{"count":0,"href":"https:\/\/villanews.com.br\/index.php?rest_route=\/wp\/v2\/posts\/559783\/revisions"}],"wp:featuredmedia":[{"embeddable":true,"href":"https:\/\/villanews.com.br\/index.php?rest_route=\/wp\/v2\/media\/559723"}],"wp:attachment":[{"href":"https:\/\/villanews.com.br\/index.php?rest_route=%2Fwp%2Fv2%2Fmedia&parent=559783"}],"wp:term":[{"taxonomy":"category","embeddable":true,"href":"https:\/\/villanews.com.br\/index.php?rest_route=%2Fwp%2Fv2%2Fcategories&post=559783"},{"taxonomy":"post_tag","embeddable":true,"href":"https:\/\/villanews.com.br\/index.php?rest_route=%2Fwp%2Fv2%2Ftags&post=559783"}],"curies":[{"name":"wp","href":"https:\/\/api.w.org\/{rel}","templated":true}]}}