{"id":559746,"date":"2026-07-16T17:01:45","date_gmt":"2026-07-16T21:01:45","guid":{"rendered":"https:\/\/villanews.com.br\/?p=559746"},"modified":"2026-07-16T17:01:45","modified_gmt":"2026-07-16T21:01:45","slug":"megaestrutura-prefeitura-entrega-primeira-escola-municipal-com-elevador-em-rondonopolis-priorizando-qualidade-publicado-em-16-07-26-as-1402-semecel","status":"publish","type":"post","link":"https:\/\/villanews.com.br\/?p=559746","title":{"rendered":"MEGAESTRUTURA Prefeitura entrega primeira escola municipal com elevador em Rondon\u00f3polis, priorizando qualidade Publicado em 16\/07\/26 \u00e0s 14:02 SEMECEL"},"content":{"rendered":"<div class=\"section-body\">\n<p>Franciele Gon\u00e7alves-Gcom<\/p>\n<p>          16\/07\/26<br \/>\n          \u00e0s 14:02\n        <\/p>\n<p><img decoding=\"async\" src=\"https:\/\/www.rondonopolis.mt.gov.br\/media\/img\/blog\/2026\/July\/460a223f-20a0-4753-80e6-4bbb58432cbe.jpg\" \/><figcaption>\n<p>        Marcos Miraglia<br \/>\n      <\/p><\/figcaption><article>\n<p><span class=\"TextRun SCXW16099274 BCX0\"><span>A Prefeitura de Rondon\u00f3polis inaugurou na manh\u00e3 desta quinta-feira (16), a Escola Municipal de Educa\u00e7\u00e3o Infantil (EMEI) Mateus Vin\u00edcius Braz, localizada no bairro Jardim Bras\u00edlia. A solenidade contou com a presen\u00e7a do prefeito Cl\u00e1udio Ferreira, de secret\u00e1rios municipa<\/span><span>is,<\/span> <span>vereadores, <\/span><span>e da comunidade escolar.<\/span><\/span>\u00a0<\/p>\n<p><span>Constru\u00edda com recursos pr\u00f3prios do <\/span><span>M<\/span><span>unic\u00edpio, a nova unidade representa um importante investimento na amplia\u00e7\u00e3o e moderniza\u00e7\u00e3o da rede municipal de ensino. A escola possui seis salas de aula, biblioteca, sala de v\u00eddeo, sala de Atendimento Educacional Especializado (AEE), al\u00e9m de espa\u00e7os planejados para garantir conforto, seguran\u00e7a e acessibilidade aos estudantes.<\/span><\/p>\n<p><span>Com 991,52 metros quadrados de \u00e1rea constru\u00edda, a EMEI tem capacidade para atender 288 crian\u00e7as de 4 e 5 anos de idade. Entre os diferenciais da estrutura est\u00e1 a instala\u00e7\u00e3o de um elevador, tornando-se a primeira escola da rede municipal a contar com esse equipamento, refor\u00e7ando o compromisso da gest\u00e3o com a inclus\u00e3o e a acessibilidade.<\/span>\u00a0<\/p>\n<p><span>Durante a inaugura\u00e7\u00e3o, o prefeito Cl\u00e1udio Ferreira destacou que a entrega simboliza o compromisso da administra\u00e7\u00e3o com a melhoria da educa\u00e7\u00e3o p\u00fablica.<\/span> <span>\u201cEstou muito feliz com mais essa entrega. O nosso governo \u00e9 um governo de muitas entregas. \u00c9 uma obra de boa qualidade, em que cada detalhe foi observado, tudo pensado para receber bem nossos alunos e suas fam\u00edlias. Quero parabenizar toda a equipe da Secretaria de Educa\u00e7\u00e3o pelo trabalho brilhante. Educa\u00e7\u00e3o n\u00e3o se faz apenas com cimento, mas com professores motivados, participa\u00e7\u00e3o da fam\u00edlia, merenda de qualidade, insumos e material escolar. \u00c9 nisso que temos investido. E estamos apenas no come\u00e7o. Ainda neste ano vamos licitar mais de dez unidades escolares para fortalecer ainda mais a estrutura da educa\u00e7\u00e3o em Rondon\u00f3polis\u201d, afirmou.<\/span>\u00a0<\/p>\n<p><span>A nova unidade foi constru\u00edda para substituir a antiga estrutura da escola, que j\u00e1 n\u00e3o atendia \u00e0s necessidades da comunidade, oferecendo agora um ambiente moderno, amplo e adequado ao desenvolvimento das crian\u00e7as.<\/span>\u00a0<\/p>\n<p><span>O secret\u00e1rio municipal de Educa\u00e7\u00e3o, Cultura, Esporte e Lazer, Carlos J\u00fanior, ressaltou que a nova escola era uma reivindica\u00e7\u00e3o antiga dos moradores.<\/span> <span>\u201cEssa escola era um anseio de toda a comunidade do Jardim Bras\u00edlia. Ela possui uma excelente estrutura, com elevador, sala de recursos para atendimento das crian\u00e7as e um padr\u00e3o de qualidade semelhante ao de escolas particulares.\u201d<\/span>\u00a0<\/p>\n<p><span>Carlos J\u00fanior tamb\u00e9m destacou que os investimentos realizados pela Prefeitura v\u00e3o al\u00e9m da infraestrutura e j\u00e1 refletem nos indicadores da educa\u00e7\u00e3o municipal.<\/span>\u00a0<span>\u201cA Prefeitura vem fazendo muitos investimentos na educa\u00e7\u00e3o, tanto na infraestrutura quanto na parte pedag\u00f3gica. J\u00e1 estamos vendo resultados importantes. O \u00cdndice de Desenvolvimento da Educa\u00e7\u00e3o B\u00e1sica (Ideb) subiu de 5,6 para 6,1, e o percentual de crian\u00e7as alfabetizadas passou de 60% para 76%. Isso demonstra que os investimentos est\u00e3o trazendo excelentes resultados para a nossa cidade.\u201d<\/span>\u00a0<\/p>\n<p><span>A escola recebeu o nome de Mateus Vin\u00edcius Braz em homenagem ao menino que estudou na antiga unidade e faleceu aos nove anos de idade ap\u00f3s um acidente. Durante a cerim\u00f4nia, a m\u00e3e de Mateus, Eliane Braz, se emocionou ao agradecer a homenagem. \u201c\u00c9 uma maneira de ele ser lembrado pelo que foi para n\u00f3s. O Matheus era um menino muito alegre. Ele estudou nesta escola quando era crian\u00e7a e, <\/span><span>a<\/span><span>gora, com essa escola, o nome dele ser\u00e1 lembrado para sempre. \u00c9 uma escola com uma megaestrutura, fiquei muito emocionada e surpresa com tudo o que foi constru\u00eddo.\u201d<\/span>\u00a0<\/p>\n<\/article>\n<h4>Galeria<\/h4>\n<\/p><p><img decoding=\"async\" src=\"https:\/\/www.rondonopolis.mt.gov.br\/media\/img\/galerias\/20ef40a2-2ba5-45eb-9d42-050a080e9c75.jpg\" \/><\/p>\n<p>Foto: Marcos Miraglia<\/p>\n<p>1 \/ 24<\/p>\n<p><img decoding=\"async\" src=\"https:\/\/www.rondonopolis.mt.gov.br\/media\/img\/galerias\/7fc1ec2d-e6e6-47b3-a5b4-1f78a34bc154.jpg\" \/><\/p>\n<p>Foto: Marcos Miraglia<\/p>\n<p>2 \/ 24<\/p>\n<p><img decoding=\"async\" src=\"https:\/\/www.rondonopolis.mt.gov.br\/media\/img\/galerias\/d199c2c7-6399-4640-bcfc-016e76a2e21f.jpg\" \/><\/p>\n<p>Foto: Marcos Miraglia<\/p>\n<p>3 \/ 24<\/p>\n<p><img decoding=\"async\" src=\"https:\/\/www.rondonopolis.mt.gov.br\/media\/img\/galerias\/c8bcebd0-d8db-46ec-bdfe-31a2b01a90f5.jpg\" \/><\/p>\n<p>Foto: Marcos Miraglia<\/p>\n<p>4 \/ 24<\/p>\n<p><img decoding=\"async\" src=\"https:\/\/www.rondonopolis.mt.gov.br\/media\/img\/galerias\/d5a9e4cb-24e6-4c94-a153-3871a8f771b9.jpg\" \/><\/p>\n<p>Foto: Marcos Miraglia<\/p>\n<p>5 \/ 24<\/p>\n<p><img decoding=\"async\" src=\"https:\/\/www.rondonopolis.mt.gov.br\/media\/img\/galerias\/a4f17c99-0b8e-49aa-a1af-b4b0dcf83338.jpg\" \/><\/p>\n<p>Foto: Marcos Miraglia<\/p>\n<p>6 \/ 24<\/p>\n<p><img decoding=\"async\" src=\"https:\/\/www.rondonopolis.mt.gov.br\/media\/img\/galerias\/f9c79398-cb31-4272-b88f-4f5c01f7ffd4.jpg\" \/><\/p>\n<p>Foto: Marcos Miraglia<\/p>\n<p>7 \/ 24<\/p>\n<p><img decoding=\"async\" src=\"https:\/\/www.rondonopolis.mt.gov.br\/media\/img\/galerias\/0165366b-481f-4f4f-850b-5e145d5b13c8.jpg\" \/><\/p>\n<p>Foto: Marcos Miraglia<\/p>\n<p>8 \/ 24<\/p>\n<p><img decoding=\"async\" src=\"https:\/\/www.rondonopolis.mt.gov.br\/media\/img\/galerias\/c4033f5c-476c-4ca8-9a76-2ca2c9f3238f.jpg\" \/><\/p>\n<p>Foto: Marcos Miraglia<\/p>\n<p>9 \/ 24<\/p>\n<p><img decoding=\"async\" src=\"https:\/\/www.rondonopolis.mt.gov.br\/media\/img\/galerias\/73fc0408-e216-4c5d-ab14-cab6e3af6621.jpg\" \/><\/p>\n<p>Foto: Marcos Miraglia<\/p>\n<p>10 \/ 24<\/p>\n<p><img decoding=\"async\" src=\"https:\/\/www.rondonopolis.mt.gov.br\/media\/img\/galerias\/06394f49-bbdd-4534-a8cc-51c94c34b078.jpg\" \/><\/p>\n<p>Foto: Marcos Miraglia<\/p>\n<p>11 \/ 24<\/p>\n<p><img decoding=\"async\" src=\"https:\/\/www.rondonopolis.mt.gov.br\/media\/img\/galerias\/bbfef485-dae5-46ba-b700-b30bd241fc4d.jpg\" \/><\/p>\n<p>Foto: Marcos Miraglia<\/p>\n<p>12 \/ 24<\/p>\n<p><img decoding=\"async\" src=\"https:\/\/www.rondonopolis.mt.gov.br\/media\/img\/galerias\/265d9365-15ec-4744-b34f-94cf2cd453a6.jpg\" \/><\/p>\n<p>Foto: Marcos Miraglia<\/p>\n<p>13 \/ 24<\/p>\n<p><img decoding=\"async\" src=\"https:\/\/www.rondonopolis.mt.gov.br\/media\/img\/galerias\/ef56e2ed-94e1-4f8d-ba85-05d9cdac64f1.jpg\" \/><\/p>\n<p>Foto: Marcos Miraglia<\/p>\n<p>14 \/ 24<\/p>\n<p><img decoding=\"async\" src=\"https:\/\/www.rondonopolis.mt.gov.br\/media\/img\/galerias\/aa7d986d-3c13-43f3-b6cf-0f1c8b051374.jpg\" \/><\/p>\n<p>Foto: Marcos Miraglia<\/p>\n<p>15 \/ 24<\/p>\n<p><img decoding=\"async\" src=\"https:\/\/www.rondonopolis.mt.gov.br\/media\/img\/galerias\/1b20f6ef-f39f-4208-a35f-ee8368f07fbd.jpg\" \/><\/p>\n<p>Foto: Marcos Miraglia<\/p>\n<p>16 \/ 24<\/p>\n<p><img decoding=\"async\" src=\"https:\/\/www.rondonopolis.mt.gov.br\/media\/img\/galerias\/3d22ca61-5780-4273-9caf-9aaa338e54f8.jpg\" \/><\/p>\n<p>Foto: Marcos Miraglia<\/p>\n<p>17 \/ 24<\/p>\n<p><img decoding=\"async\" src=\"https:\/\/www.rondonopolis.mt.gov.br\/media\/img\/galerias\/a9a2208e-f182-41e5-88dc-57831efc1179.jpg\" \/><\/p>\n<p>Foto: Marcos Miraglia<\/p>\n<p>18 \/ 24<\/p>\n<p><img decoding=\"async\" src=\"https:\/\/www.rondonopolis.mt.gov.br\/media\/img\/galerias\/cef13186-ae86-4743-9bef-d20cb98137c7.jpg\" \/><\/p>\n<p>Foto: Marcos Miraglia<\/p>\n<p>19 \/ 24<\/p>\n<p><img decoding=\"async\" src=\"https:\/\/www.rondonopolis.mt.gov.br\/media\/img\/galerias\/ed1bd8ba-cd4b-4820-b934-e2bbf42bb66c.jpg\" \/><\/p>\n<p>Foto: Marcos Miraglia<\/p>\n<p>20 \/ 24<\/p>\n<p><img decoding=\"async\" src=\"https:\/\/www.rondonopolis.mt.gov.br\/media\/img\/galerias\/e4610879-a761-4b6e-be1f-3c2a1c4ee18e.jpg\" \/><\/p>\n<p>Foto: Marcos Miraglia<\/p>\n<p>21 \/ 24<\/p>\n<p><img decoding=\"async\" src=\"https:\/\/www.rondonopolis.mt.gov.br\/media\/img\/galerias\/82b6092c-2a36-4aad-bf94-7dd7af1e573c.jpg\" \/><\/p>\n<p>Foto: Marcos Miraglia<\/p>\n<p>22 \/ 24<\/p>\n<p><img decoding=\"async\" src=\"https:\/\/www.rondonopolis.mt.gov.br\/media\/img\/galerias\/658cfee7-dbf0-4501-9065-963b96bd8491.jpg\" \/><\/p>\n<p>Foto: Marcos Miraglia<\/p>\n<p>23 \/ 24<\/p>\n<p><img decoding=\"async\" src=\"https:\/\/www.rondonopolis.mt.gov.br\/media\/img\/galerias\/2d439524-ce7f-4104-8677-0e6c770ac126.jpg\" \/><\/p>\n<p>Foto: Marcos Miraglia<\/p>\n<p>24 \/ 24<\/p>\n<\/div>","protected":false},"excerpt":{"rendered":"<p>Franciele Gon\u00e7alves-Gcom 16\/07\/26 \u00e0s 14:02 Marcos Miraglia A Prefeitura de Rondon\u00f3polis inaugurou na manh\u00e3 desta quinta-feira (16), a Escola Municipal&hellip;<\/p>\n","protected":false},"author":4,"featured_media":559747,"comment_status":"open","ping_status":"open","sticky":false,"template":"","format":"standard","meta":{"footnotes":""},"categories":[188,211],"tags":[],"class_list":["post-559746","post","type-post","status-publish","format-standard","has-post-thumbnail","hentry","category-destaque","category-rondonopolis"],"_links":{"self":[{"href":"https:\/\/villanews.com.br\/index.php?rest_route=\/wp\/v2\/posts\/559746","targetHints":{"allow":["GET"]}}],"collection":[{"href":"https:\/\/villanews.com.br\/index.php?rest_route=\/wp\/v2\/posts"}],"about":[{"href":"https:\/\/villanews.com.br\/index.php?rest_route=\/wp\/v2\/types\/post"}],"author":[{"embeddable":true,"href":"https:\/\/villanews.com.br\/index.php?rest_route=\/wp\/v2\/users\/4"}],"replies":[{"embeddable":true,"href":"https:\/\/villanews.com.br\/index.php?rest_route=%2Fwp%2Fv2%2Fcomments&post=559746"}],"version-history":[{"count":0,"href":"https:\/\/villanews.com.br\/index.php?rest_route=\/wp\/v2\/posts\/559746\/revisions"}],"wp:featuredmedia":[{"embeddable":true,"href":"https:\/\/villanews.com.br\/index.php?rest_route=\/wp\/v2\/media\/559747"}],"wp:attachment":[{"href":"https:\/\/villanews.com.br\/index.php?rest_route=%2Fwp%2Fv2%2Fmedia&parent=559746"}],"wp:term":[{"taxonomy":"category","embeddable":true,"href":"https:\/\/villanews.com.br\/index.php?rest_route=%2Fwp%2Fv2%2Fcategories&post=559746"},{"taxonomy":"post_tag","embeddable":true,"href":"https:\/\/villanews.com.br\/index.php?rest_route=%2Fwp%2Fv2%2Ftags&post=559746"}],"curies":[{"name":"wp","href":"https:\/\/api.w.org\/{rel}","templated":true}]}}