{"id":559735,"date":"2026-07-16T14:48:27","date_gmt":"2026-07-16T18:48:27","guid":{"rendered":"https:\/\/villanews.com.br\/?p=559735"},"modified":"2026-07-16T14:48:27","modified_gmt":"2026-07-16T18:48:27","slug":"vereadores-avaliam-que-postura-do-prefeito-causa-constrangimento-ao-legislativo","status":"publish","type":"post","link":"https:\/\/villanews.com.br\/?p=559735","title":{"rendered":"Vereadores avaliam que postura do prefeito causa constrangimento ao Legislativo"},"content":{"rendered":"<div><img decoding=\"async\" src=\"https:\/\/jornaldematogrosso.com.br\/imagens\/658x420\/posts\/2026\/07\/139173_daniel-monteiro-abilio-ranalli-png.png\" \/>\n<div>\n<p class=\"selectable-text copyable-text x15bjb6t x1n2onr6\">A tentativa de interfer\u00eancia direta do prefeito Abilio Brunini (PL) para viabilizar a reelei\u00e7\u00e3o de Paula Calil (PL) exp\u00f4s uma fissura na pr\u00f3pria base governista. Ap\u00f3s decis\u00e3o do Tribunal de Justi\u00e7a (TJMT) que negou mudan\u00e7a na quantidade de votos para altera\u00e7\u00f5es, oposi\u00e7\u00e3o e governistas se uniram para reprovar a conduta do chefe do Executivo.<\/p>\n<p class=\"selectable-text copyable-text x15bjb6t x1n2onr6\">\n<\/p><p class=\"selectable-text copyable-text x15bjb6t x1n2onr6\">Tanto o vereador Rafael Ranalli, correligion\u00e1rio do prefeito no PL, quanto o oposicionista Daniel Monteiro (Republicanos), convergiram na avalia\u00e7\u00e3o de que a forma como o chefe do Executivo agiu foi prejudicial para a pr\u00f3pria imagem do Legislativo. <\/p>\n<p class=\"selectable-text copyable-text x15bjb6t x1n2onr6\">O vereador Rafael Ranalli n\u00e3o escondeu o inc\u00f4modo com a exposi\u00e7\u00e3o gerada pela articula\u00e7\u00e3o de Ab\u00edlio. Embora declare sua torcida para que o partido mantenha as \u0093r\u00e9deas\u0094 da Mesa Diretora, Ranalli criticou abertamente as medidas p\u00fablicas adotadas pela prefeitura. Em sua an\u00e1lise sobre o cen\u00e1rio de vota\u00e7\u00e3o ap\u00f3s a manuten\u00e7\u00e3o do regimento, o parlamentar explicou as dificuldades matem\u00e1ticas enfrentadas pelo grupo.<\/p>\n<p class=\"selectable-text copyable-text x15bjb6t x1n2onr6\">\u0093Se viesse uma mudan\u00e7a jur\u00eddica, apenas 14 votos poderiam garantir a ela o direito de concorrer. A gente fala em 16 ali que garantem o regimento, ent\u00e3o faltariam dois nos pr\u00f3ximos dois dias. O que eu acho um pouco dif\u00edcil, at\u00e9 porque, do outro lado, dificilmente algu\u00e9m que est\u00e1 no outro time vai querer votar para at\u00e9 permitir a Paula. Ent\u00e3o a gente quer tentar manter a casa nas r\u00e9deas ou nas m\u00e3os do PL, at\u00e9 porque a Paula faz uma administra\u00e7\u00e3o austera, nada de pol\u00eamica, \u00e9 muito s\u00e9ria, \u00e9 correta e a gente quer manter essa condi\u00e7\u00e3o\u0094, afirmou em coletiva nesta ter\u00e7a-feira (14).<\/p>\n<p class=\"selectable-text copyable-text x15bjb6t x1n2onr6\">Ao avaliar a conduta do prefeito no processo de disputa interna da Casa, Ranalli foi categ\u00f3rico ao afirmar que o movimento p\u00fablico causou \u0093constrangimento\u0094 e que a prefeitura deveria ter agido nos bastidores, e n\u00e3o de forma escancarada. Segundo ele, a movimenta\u00e7\u00e3o \u0093n\u00e3o pegou bem, surpreendeu a todos\u0094.<\/p>\n<p class=\"selectable-text copyable-text x15bjb6t x1n2onr6\">\u0093Eu mesmo, por vezes, vim aqui e falei que era contra o Ab\u00edlio ficar interferindo na elei\u00e7\u00e3o da Mesa. A gente aqui tamb\u00e9m n\u00e3o \u00e9 inocente de achar que n\u00e3o tem o interesse da prefeitura. \u00c9 hipocrisia achar que o Executivo n\u00e3o quer comandar o parlamento ou, no m\u00ednimo, quer t\u00ea-lo ao lado. Mas essa press\u00e3o e essa coisa muito incisiva e bem aparente a\u00ed fica feio, fica chato, diminui o tamanho dos vereadores. Eu mesmo falei para o Ab\u00edlio: \u0091chega e fala que voc\u00ea n\u00e3o vai se meter\u0092. Mesmo que em bastidor voc\u00ea d\u00ea um pitaco ou outro, mas n\u00e3o descaradamente\u0094, admitiu o vereador.<\/p>\n<p class=\"selectable-text copyable-text x15bjb6t x1n2onr6\">Do outro lado, Daniel Monteiro validou a tese de que o prefeito colhe agora os frutos de um desgaste pol\u00edtico autoimposto. Monteiro apontou que a sa\u00edda de aliados e o racha na base s\u00e3o consequ\u00eancias naturais de uma articula\u00e7\u00e3o malsucedida e centralizadora por parte do prefeito.<\/p>\n<p class=\"selectable-text copyable-text x15bjb6t x1n2onr6\">Para o oposicionista, o grande problema n\u00e3o \u00e9 a prefer\u00eancia pol\u00edtica do prefeito, mas sim o atropelo das regras institucionais e a falta de decoro no trato com os parlamentares independentes.<\/p>\n<p class=\"selectable-text copyable-text x15bjb6t x1n2onr6\">\u0093Veja, perder \u00e9 claro que ele perdeu. Na medida em que alguns componentes abandonaram a base, e at\u00e9 teve uma caricatura que ilustra bem o que aconteceu, que foi ele retirando os vereadores do grupo [do WhatsApp]. \u00c9 claro que h\u00e1 um preju\u00edzo, mas eu acho que isso \u00e9 inevit\u00e1vel. Se n\u00e3o h\u00e1 consenso, quando o executivo apoia algu\u00e9m, ele vai acabar perdendo do outro lado. Ent\u00e3o eu vejo com bastante naturalidade esse processo\u0094, afirmou na mesma data.<\/p>\n<p class=\"selectable-text copyable-text x15bjb6t x1n2onr6\">Ainda segundo Monteiro, a linha que separa a articula\u00e7\u00e3o pol\u00edtica saud\u00e1vel da inger\u00eancia foi ultrapassada quando o prefeito decidiu desqualificar publicamente outros candidatos \u00e0 presid\u00eancia da Mesa Diretora para blindar Paula. O vereador ressaltou que a agressividade das declara\u00e7\u00f5es de Ab\u00edlio gerou um clima desnecess\u00e1rio de embate na Casa de Leis.<\/p>\n<p class=\"selectable-text copyable-text x15bjb6t x1n2onr6\">\u0093O que eu condeno nesse processo todo, na verdade, n\u00e3o \u00e9 o apoio concedido ao lado A ou ao lado B, mas sim a forma como esse apoio foi prestado. Porque, em pol\u00edtica, eu enxergo que forma tamb\u00e9m \u00e9 conte\u00fado. Ent\u00e3o, quando se invade atribui\u00e7\u00f5es, quando se prop\u00f5e uma a\u00e7\u00e3o, quando se declara publicamente em uma entrevista que a \u00fanica candidata que atenderia aos desejos do prefeito \u00e9 fulana, [&#8230;] fica uma situa\u00e7\u00e3o um pouco constrangedora. E a\u00ed sim eu acho que acaba extrapolando um pouco do que \u00e9 ordin\u00e1rio. Repito, sempre vai ter desgaste, mas acho que o desgaste aqui foi um pouco mais demasiado pela postura adotada pelo prefeito\u0094, concluiu.<\/p>\n<p class=\"selectable-text copyable-text x15bjb6t x1n2onr6\"><\/p>\n<p class=\"selectable-text copyable-text x15bjb6t x1n2onr6\">\n<\/p><\/div>\n<\/div>","protected":false},"excerpt":{"rendered":"<p>A tentativa de interfer\u00eancia direta do prefeito Abilio Brunini (PL) para viabilizar a reelei\u00e7\u00e3o de Paula Calil (PL) exp\u00f4s uma&hellip;<\/p>\n","protected":false},"author":4,"featured_media":559736,"comment_status":"open","ping_status":"open","sticky":false,"template":"","format":"standard","meta":{"footnotes":""},"categories":[204],"tags":[],"class_list":["post-559735","post","type-post","status-publish","format-standard","has-post-thumbnail","hentry","category-ultimas-noticias"],"_links":{"self":[{"href":"https:\/\/villanews.com.br\/index.php?rest_route=\/wp\/v2\/posts\/559735","targetHints":{"allow":["GET"]}}],"collection":[{"href":"https:\/\/villanews.com.br\/index.php?rest_route=\/wp\/v2\/posts"}],"about":[{"href":"https:\/\/villanews.com.br\/index.php?rest_route=\/wp\/v2\/types\/post"}],"author":[{"embeddable":true,"href":"https:\/\/villanews.com.br\/index.php?rest_route=\/wp\/v2\/users\/4"}],"replies":[{"embeddable":true,"href":"https:\/\/villanews.com.br\/index.php?rest_route=%2Fwp%2Fv2%2Fcomments&post=559735"}],"version-history":[{"count":0,"href":"https:\/\/villanews.com.br\/index.php?rest_route=\/wp\/v2\/posts\/559735\/revisions"}],"wp:featuredmedia":[{"embeddable":true,"href":"https:\/\/villanews.com.br\/index.php?rest_route=\/wp\/v2\/media\/559736"}],"wp:attachment":[{"href":"https:\/\/villanews.com.br\/index.php?rest_route=%2Fwp%2Fv2%2Fmedia&parent=559735"}],"wp:term":[{"taxonomy":"category","embeddable":true,"href":"https:\/\/villanews.com.br\/index.php?rest_route=%2Fwp%2Fv2%2Fcategories&post=559735"},{"taxonomy":"post_tag","embeddable":true,"href":"https:\/\/villanews.com.br\/index.php?rest_route=%2Fwp%2Fv2%2Ftags&post=559735"}],"curies":[{"name":"wp","href":"https:\/\/api.w.org\/{rel}","templated":true}]}}