{"id":559549,"date":"2026-07-16T13:12:02","date_gmt":"2026-07-16T17:12:02","guid":{"rendered":"https:\/\/villanews.com.br\/?p=559549"},"modified":"2026-07-16T13:12:02","modified_gmt":"2026-07-16T17:12:02","slug":"corinthians-pagou-mais-de-r-170-milhoes-em-dividas-mas-depende-de-vendas","status":"publish","type":"post","link":"https:\/\/villanews.com.br\/?p=559549","title":{"rendered":"Corinthians pagou mais de R$ 170 milh\u00f5es em d\u00edvidas, mas depende de vendas"},"content":{"rendered":"<article class=\"mb-12\">\n<h2>O Corinthians foi processado pelo meia Mat\u00edas Rojas e pelos clubes Santos Laguna, do M\u00e9xico (contrata\u00e7\u00e3o do zagueiro F\u00e9lix Torres), Shakhtar Donetsk, da Ucr\u00e2nia (empr\u00e9stimos pelo volante Maycon), e Talleres, da Argentina (pelo meia Rodrigo Garro).<\/h2>\n<p><img decoding=\"async\" src=\"https:\/\/media-manager.noticiasaominuto.com.br\/960\/naom_695d080ca5b49.webp\" \/><\/p>\n<p>\u00a9 Getty<\/p>\n<p><img decoding=\"async\" src=\"https:\/\/noticiasaominutobr-img.com\/team\/naom.png\" \/><\/p>\n<p><span><br \/>\n                    16\/07\/2026 14:12 \u2027<br \/>\n                    h\u00e1 1 hora<br \/>\n                    por Folhapress<br \/>\n                <\/span><\/p>\n<p>\n                        Esporte\n                    <\/p>\n<p>\n                                                    Neg\u00f3cios\n                                            <\/p>\n<div class=\"article-content mb-24 font-slab text-paragraph font-light\">\n<p><span>(<\/span>UOL\/FOLHAPRESS) &#8211; Mesmo em meio \u00e0 crise financeira, o Corinthians j\u00e1 desembolsou mais de R$ 170 milh\u00f5es em 2026 para cumprir compromissos financeiros. Os pagamentos envolvem d\u00edvidas com outros clubes, acordos tribut\u00e1rios, parcelas do plano de centraliza\u00e7\u00e3o de d\u00e9bitos e valores retidos pela Caixa Econ\u00f4mica Federal.<\/p>\n<p>                                                                    \u00a0<\/p>\n<h3>PAGAMENTOS DE D\u00cdVIDAS<\/h3>\n<p>O Corinthians quitou duas pend\u00eancias com clubes do exterior nos primeiros seis meses do ano. Os pagamentos foram feitos em negocia\u00e7\u00f5es que envolviam puni\u00e7\u00f5es ou risco de san\u00e7\u00f5es impostas pela Fifa.<\/p>\n<p>Em janeiro, o clube pagou cerca de R$ 41,5 milh\u00f5es ao Santos Laguna, do M\u00e9xico. O valor foi destinado \u00e0 quita\u00e7\u00e3o da d\u00edvida pela contrata\u00e7\u00e3o do zagueiro F\u00e9lix Torres, realizada no in\u00edcio de 2024, e encerrou um transfer ban que estava em vigor desde agosto do ano passado.<\/p>\n<p>J\u00e1 em junho, o Corinthians desembolsou aproximadamente R$ 36 milh\u00f5es ao Talleres, da Argentina, por meio de uma opera\u00e7\u00e3o financeira com um banco privado. O pagamento foi referente \u00e0 d\u00edvida pela contrata\u00e7\u00e3o do meia Rodrigo Garro, tamb\u00e9m em 2024, e evitou a aplica\u00e7\u00e3o de um transfer ban.<\/p>\n<p>O clube tamb\u00e9m efetuou o pagamento de duas parcelas trimestrais do acordo de centraliza\u00e7\u00e3o de d\u00edvidas junto \u00e0 C\u00e2mara Nacional de Resolu\u00e7\u00e3o de Disputas (CNRD), \u00f3rg\u00e3o ligado \u00e0 CBF. Somados, os valores giram em torno de R$ 20 milh\u00f5es. Al\u00e9m disso, o Corinthians desembolsou R$ 25 milh\u00f5es em acordos de transa\u00e7\u00e3o tribut\u00e1ria.<\/p>\n<p>O clube ainda teve mais de R$ 50 milh\u00f5es retidos pela Caixa Econ\u00f4mica Federal. A reten\u00e7\u00e3 ocorreu em raz\u00e3o de receb\u00edveis utilizados como garantia em um acordo firmado em 2022 para a renegocia\u00e7\u00e3o da d\u00edvida da Neo Qu\u00edmica Arena.<\/p>\n<h3>COLAPSO FINANCEIRO<\/h3>\n<p>A reportagem apurou que o clube trabalha com a necessidade de arrecadar pelo menos R$ 150 milh\u00f5es em vendas de jogadores na atual janela de transfer\u00eancias. Internamente, a avalia\u00e7\u00e3o \u00e9 de que a entrada desse valor \u00e9 fundamental para evitar um agravamento do cen\u00e1rio financeiro.<\/p>\n<p>A janela de transfer\u00eancias ser\u00e1 aberta na pr\u00f3xima segunda-feira e ficar\u00e1 dispon\u00edvel at\u00e9 11 de setembro. A diretoria entende que a movimenta\u00e7\u00e3o do mercado tende a aumentar as consultas e negocia\u00e7\u00f5es envolvendo atletas do elenco.<\/p>\n<p>&#8220;Vai ter que vender. Tem sondagens reais. E eu vejo, pela minha experi\u00eancia de mercado, que est\u00e1 aquecendo. Como um todo, voc\u00ea come\u00e7a a ter mais sondagens, mais procuras, mais movimenta\u00e7\u00f5es. A Copa do Mundo est\u00e1 acabando, os times europeus v\u00e3o come\u00e7ar a se apresentar, iniciar a pr\u00e9-temporada, tem algo aquecendo. Mas n\u00e3o temos propostas nas m\u00e3os, firmes, por jogador algum&#8221;, Marcelo Paz, executivo de futebol do Corinthians, em entrevista \u00e0 Band.<\/p>\n<p>A diretoria do Corinthians afirma que adotou uma pol\u00edtica de conten\u00e7\u00e3o de despesas nas contrata\u00e7\u00f5es realizadas nesta temporada. Segundo Paz, o clube n\u00e3o realizou investimentos em custos de transfer\u00eancia de jogadores neste ano.<\/p>\n<p>&#8220;A grande virtude de um gestor de futebol \u00e9 fazer dinheiro. No futebol, a coisa mais dif\u00edcil \u00e9 fazer dinheiro e a mais f\u00e1cil \u00e9 gastar. Ent\u00e3o, tem que ter cuidado. O que fizemos esse ano \u00e9 que n\u00e3o colocamos combust\u00edvel na d\u00edvida, todas as contrata\u00e7\u00f5es foram sem custos, com sal\u00e1rios dentro da realidade do clube&#8221;, disse Marcelo Paz.<\/p>\n<p>A expectativa do departamento de futebol \u00e9 de que a abertura da janela de transfer\u00eancias amplie as possibilidades de negocia\u00e7\u00f5es envolvendo atletas do elenco. Apesar das sondagens recebidas, Paz afirmou que o Corinthians ainda n\u00e3o possui propostas formais por jogadores.<\/p>\n<p>O Corinthians possui pend\u00eancias financeiras com jogadores e funcion\u00e1rios. Atualmente, o clube deve ao elenco profissional os direitos de imagem referentes ao m\u00eas de julho.<\/p>\n<p>A situa\u00e7\u00e3o foi citada publicamente pelo goleiro Hugo Souza ap\u00f3s o amistoso contra o Cascavel, disputado no \u00faltimo fim de semana. O clube tamb\u00e9m atrasou os sal\u00e1rios dos \u00faltimos dois meses, que foram regularizados posteriormente.<\/p>\n<p>No momento, o Corinthians possui d\u00e9bitos com funcion\u00e1rios contratados como Pessoa Jur\u00eddica (PJ). Os pagamentos seguem pendentes.<\/p>\n<p>Al\u00e9m das pend\u00eancias internas, o clube tem dois transfer bans ativos na Fifa. As puni\u00e7\u00f5es impedem o registro de novos atletas.<\/p>\n<p>Desde maio, o Corinthians est\u00e1 impedido de registrar jogadores por uma d\u00edvida de 1,5 milh\u00e3o de d\u00f3lares (R$ 7,63 milh\u00f5es, na cota\u00e7\u00e3o atual) com o Philadelphia Union, dos Estados Unidos. O d\u00e9bito \u00e9 referente \u00e0 contrata\u00e7\u00e3o do volante Jos\u00e9 Mart\u00ednez, realizada em 2024, durante a gest\u00e3o do ex-presidente Augusto Melo.<\/p>\n<p>Nesta segunda-feira, a Fifa aplicou uma nova puni\u00e7\u00e3o ao clube. O transfer ban por tempo indeterminado foi motivado pelo n\u00e3o pagamento de verbas indenizat\u00f3rias decorrentes de condena\u00e7\u00f5es recentes na entidade e envolve aproximadamente 200 mil d\u00f3lares (pouco mais de R$ 1 milh\u00e3o, na cota\u00e7\u00e3o atual).<\/p>\n<p>A quita\u00e7\u00e3o das pend\u00eancias relacionadas aos transfer bans n\u00e3o era tratada como prioridade pelo Corinthians at\u00e9 os \u00faltimos dias. A proximidade da abertura da janela de transfer\u00eancias alterou o planejamento da diretoria.<\/p>\n<p>A principal movimenta\u00e7\u00e3o do clube no mercado \u00e9 a negocia\u00e7\u00e3o pela contrata\u00e7\u00e3o do atacante Wesley, do Al-Nassr, da Ar\u00e1bia Saudita. O jogador pretende retornar ao futebol brasileiro para atuar pelo Corinthians.<\/p>\n<p>O clube negocia a forma de pagamento dos valores pendentes e trabalha para regularizar a situa\u00e7\u00e3o antes da abertura da janela de transfer\u00eancias. A inten\u00e7\u00e3o \u00e9 ter condi\u00e7\u00f5es de registrar novos atletas assim que o per\u00edodo de inscri\u00e7\u00f5es for iniciado.<\/p>\n<p>Leia Tamb\u00e9m: <a href=\"https:\/\/www.noticiasaominuto.com.br\/esporte\/2397830\/flamengo-empresta-carlinhos-ao-athletic-ate-fim-do-seu-contrato\">Flamengo empresta Carlinhos ao Athletic at\u00e9 fim do seu contrato<\/a><\/p>\n<\/div>\n<p><a href=\"https:\/\/www.google.com\/preferences\/source?q=noticiasaominuto.com.br\"><\/a><\/p>\n<p><strong>Escolha o Not\u00edcias ao Minuto como fonte preferida no Google<\/strong><br \/>\n<span><br \/>\n        Receba as nossas not\u00edcias com mais destaque sempre que pesquisar no Google.<br \/>\n    <\/span> <\/p><\/article>","protected":false},"excerpt":{"rendered":"<p>O Corinthians foi processado pelo meia Mat\u00edas Rojas e pelos clubes Santos Laguna, do M\u00e9xico (contrata\u00e7\u00e3o do zagueiro F\u00e9lix Torres),&hellip;<\/p>\n","protected":false},"author":4,"featured_media":559550,"comment_status":"open","ping_status":"open","sticky":false,"template":"","format":"standard","meta":{"footnotes":""},"categories":[6],"tags":[],"class_list":["post-559549","post","type-post","status-publish","format-standard","has-post-thumbnail","hentry","category-esportes"],"_links":{"self":[{"href":"https:\/\/villanews.com.br\/index.php?rest_route=\/wp\/v2\/posts\/559549","targetHints":{"allow":["GET"]}}],"collection":[{"href":"https:\/\/villanews.com.br\/index.php?rest_route=\/wp\/v2\/posts"}],"about":[{"href":"https:\/\/villanews.com.br\/index.php?rest_route=\/wp\/v2\/types\/post"}],"author":[{"embeddable":true,"href":"https:\/\/villanews.com.br\/index.php?rest_route=\/wp\/v2\/users\/4"}],"replies":[{"embeddable":true,"href":"https:\/\/villanews.com.br\/index.php?rest_route=%2Fwp%2Fv2%2Fcomments&post=559549"}],"version-history":[{"count":0,"href":"https:\/\/villanews.com.br\/index.php?rest_route=\/wp\/v2\/posts\/559549\/revisions"}],"wp:featuredmedia":[{"embeddable":true,"href":"https:\/\/villanews.com.br\/index.php?rest_route=\/wp\/v2\/media\/559550"}],"wp:attachment":[{"href":"https:\/\/villanews.com.br\/index.php?rest_route=%2Fwp%2Fv2%2Fmedia&parent=559549"}],"wp:term":[{"taxonomy":"category","embeddable":true,"href":"https:\/\/villanews.com.br\/index.php?rest_route=%2Fwp%2Fv2%2Fcategories&post=559549"},{"taxonomy":"post_tag","embeddable":true,"href":"https:\/\/villanews.com.br\/index.php?rest_route=%2Fwp%2Fv2%2Ftags&post=559549"}],"curies":[{"name":"wp","href":"https:\/\/api.w.org\/{rel}","templated":true}]}}