{"id":558981,"date":"2026-07-16T08:19:10","date_gmt":"2026-07-16T12:19:10","guid":{"rendered":"https:\/\/villanews.com.br\/?p=558981"},"modified":"2026-07-16T08:19:10","modified_gmt":"2026-07-16T12:19:10","slug":"flavio-compartilha-postagem-de-rubio-sobre-tarifaco-e-diz-que-brasil-esta-em-aviao-sem-piloto","status":"publish","type":"post","link":"https:\/\/villanews.com.br\/?p=558981","title":{"rendered":"Fl\u00e1vio compartilha postagem de Rubio sobre tarifa\u00e7o e diz que Brasil est\u00e1 em \u201cavi\u00e3o sem piloto\u201d"},"content":{"rendered":"<div class=\"postBody-module-scss-module__8_WGKG__postBodyContainer\">\n<p>O senador Fl\u00e1vio Bolsonaro (PL) publicou nesta quinta-feira (16) uma cr\u00edtica ao presidente Luiz In\u00e1cio Lula da Silva (PT) ap\u00f3s o an\u00fancio de novas tarifas dos Estados Unidos sobre produtos brasileiros. O parlamentar compartilhou uma declara\u00e7\u00e3o do secret\u00e1rio de Estado americano, Marco Rubio, e afirmou que o governo brasileiro perdeu capacidade de condu\u00e7\u00e3o.<\/p>\n<p>Ao comentar a decis\u00e3o americana, o senador fez cr\u00edticas \u00e0 condu\u00e7\u00e3o do governo federal e questionou a capacidade de lideran\u00e7a do presidente.<\/p>\n<p>\u201cLula n\u00e3o tem mais condi\u00e7\u00f5es de ser o presidente do Brasil. Estamos num avi\u00e3o sem piloto. O Biden brasileiro est\u00e1 ranzinza, inconsequente e se tornou um perigo para a nossa na\u00e7\u00e3o. Quem olha pro Lula n\u00e3o enxerga futuro. Enxerga passado, atraso, incerteza, desconfian\u00e7a, corrup\u00e7\u00e3o, incompet\u00eancia, vingan\u00e7a\u201d, escreveu Fl\u00e1vio.<\/p>\n<p>A manifesta\u00e7\u00e3o do senador ocorreu ap\u00f3s Rubio publicar uma mensagem na rede social X durante a madrugada, no momento em que a medida tarif\u00e1ria foi oficializada pelo governo americano. O secret\u00e1rio de Estado afirmou que a decis\u00e3o ocorreu porque, segundo ele, Lula e o governo brasileiro n\u00e3o teriam negociado \u201cde boa-f\u00e9\u201d com os Estados Unidos.<\/p>\n<p>Rubio tamb\u00e9m declarou que o presidente brasileiro teria colocado \u201co pr\u00f3prio ego\u201d \u00e0 frente de um acordo que beneficiaria os brasileiros. Segundo o secret\u00e1rio, as tarifas representam \u201co pre\u00e7o\u201d dessa escolha.<\/p>\n<h2>Tarifa de 25% dos EUA entra em vigor em 22 de julho<\/h2>\n<p>A sobretaxa de 25% sobre produtos brasileiros integra uma investiga\u00e7\u00e3o comercial aberta pelos Estados Unidos com base na Se\u00e7\u00e3o 301. O procedimento analisou temas como o tratamento dado ao Pix e quest\u00f5es ambientais relacionadas ao Brasil.<\/p>\n<p>A nova tarifa entra em vigor em 22 de julho. Entre os itens exclu\u00eddos est\u00e3o carne, caf\u00e9, suco de laranja, petr\u00f3leo, g\u00e1s e componentes de aeronaves.<\/p>\n<p>O governo dos Estados Unidos informou que mant\u00e9m negocia\u00e7\u00f5es com o Brasil e afirmou que poder\u00e1 ampliar medidas caso o pa\u00eds adote retalia\u00e7\u00f5es. No Pal\u00e1cio do Planalto, a expectativa \u00e9 de avan\u00e7o nas conversas diplom\u00e1ticas ap\u00f3s as elei\u00e7\u00f5es americanas.<\/p>\n<p>VEJA TAMB\u00c9M:<\/p>\n<\/div>","protected":false},"excerpt":{"rendered":"<p>O senador Fl\u00e1vio Bolsonaro (PL) publicou nesta quinta-feira (16) uma cr\u00edtica ao presidente Luiz In\u00e1cio Lula da Silva (PT) ap\u00f3s&hellip;<\/p>\n","protected":false},"author":4,"featured_media":558650,"comment_status":"open","ping_status":"open","sticky":false,"template":"","format":"standard","meta":{"footnotes":""},"categories":[5],"tags":[],"class_list":["post-558981","post","type-post","status-publish","format-standard","has-post-thumbnail","hentry","category-politica"],"_links":{"self":[{"href":"https:\/\/villanews.com.br\/index.php?rest_route=\/wp\/v2\/posts\/558981","targetHints":{"allow":["GET"]}}],"collection":[{"href":"https:\/\/villanews.com.br\/index.php?rest_route=\/wp\/v2\/posts"}],"about":[{"href":"https:\/\/villanews.com.br\/index.php?rest_route=\/wp\/v2\/types\/post"}],"author":[{"embeddable":true,"href":"https:\/\/villanews.com.br\/index.php?rest_route=\/wp\/v2\/users\/4"}],"replies":[{"embeddable":true,"href":"https:\/\/villanews.com.br\/index.php?rest_route=%2Fwp%2Fv2%2Fcomments&post=558981"}],"version-history":[{"count":0,"href":"https:\/\/villanews.com.br\/index.php?rest_route=\/wp\/v2\/posts\/558981\/revisions"}],"wp:featuredmedia":[{"embeddable":true,"href":"https:\/\/villanews.com.br\/index.php?rest_route=\/wp\/v2\/media\/558650"}],"wp:attachment":[{"href":"https:\/\/villanews.com.br\/index.php?rest_route=%2Fwp%2Fv2%2Fmedia&parent=558981"}],"wp:term":[{"taxonomy":"category","embeddable":true,"href":"https:\/\/villanews.com.br\/index.php?rest_route=%2Fwp%2Fv2%2Fcategories&post=558981"},{"taxonomy":"post_tag","embeddable":true,"href":"https:\/\/villanews.com.br\/index.php?rest_route=%2Fwp%2Fv2%2Ftags&post=558981"}],"curies":[{"name":"wp","href":"https:\/\/api.w.org\/{rel}","templated":true}]}}