{"id":558416,"date":"2026-07-16T06:00:44","date_gmt":"2026-07-16T10:00:44","guid":{"rendered":"https:\/\/villanews.com.br\/?p=558416"},"modified":"2026-07-16T06:00:44","modified_gmt":"2026-07-16T10:00:44","slug":"do-banho-de-messi-ao-duelo-pelo-titulo-a-foto-que-previu-a-final-da-copa","status":"publish","type":"post","link":"https:\/\/villanews.com.br\/?p=558416","title":{"rendered":"Do banho de Messi ao duelo pelo t\u00edtulo: a foto que previu a final da Copa"},"content":{"rendered":"<article class=\"mb-12\">\n<div>\n<h2>Uma a\u00e7\u00e3o beneficente reuniu Lionel Messi e Lamine Yamal quando o espanhol ainda era beb\u00ea. Quase duas d\u00e9cadas depois, os dois voltam a se encontrar, agora como advers\u00e1rios na decis\u00e3o da Copa do Mundo<\/h2>\n<\/div>\n<p><img decoding=\"async\" src=\"https:\/\/media-manager.noticiasaominuto.com.br\/960\/naom_6a589058acdec.webp\" \/><\/p>\n<p>\u00a9 Getty Images<\/p>\n<p><img decoding=\"async\" src=\"https:\/\/noticiasaominutobr-img.com\/team\/naom.png\" \/><\/p>\n<p><span><br \/>\n                    16\/07\/2026 07:00 \u2027<br \/>\n                    h\u00e1 59 minutos<br \/>\n                    por Not\u00edcias ao Minuto<br \/>\n                <\/span><\/p>\n<p>\n                        Esporte\n                    <\/p>\n<p>\n<a href=\"https:\/\/www.noticiasaominuto.com.br\/esporte\/tag\/copa-do-mundo\"><br \/>\n                                Copa do Mundo<br \/>\n                            <\/a>\n<\/p>\n<div class=\"article-content mb-24 font-slab text-paragraph font-light\">\n<p><span>A<\/span> final da Copa do Mundo de 2026 colocar\u00e1 frente a frente dois jogadores ligados por uma hist\u00f3ria improv\u00e1vel. Lamine Yamal e Lionel Messi se enfrentam no pr\u00f3ximo domingo, \u00e0s 16h pelo hor\u00e1rio de Bras\u00edlia, no MetLife Stadium, em East Rutherford, nos Estados Unidos.<\/p>\n<p>                                                                    \u00a0<\/p>\n<p>O primeiro encontro entre os dois aconteceu em 2007, quando Yamal tinha poucos meses de vida. Na \u00e9poca, os pais do espanhol inscreveram o filho em um sorteio promovido pelo Unicef em parceria com a Funda\u00e7\u00e3o Barcelona, iniciativa voltada \u00e0 prote\u00e7\u00e3o de crian\u00e7as em situa\u00e7\u00e3o de vulnerabilidade e ao incentivo \u00e0 educa\u00e7\u00e3o por meio do esporte.<\/p>\n<p>A fam\u00edlia acabou selecionada para uma sess\u00e3o de fotos com Messi, que ainda era uma jovem promessa em in\u00edcio de trajet\u00f3ria no time principal do Barcelona.<\/p>\n<p>As imagens foram feitas pelo fot\u00f3grafo Joan Monfort para o jornal espanhol Sport. Em uma delas, Messi aparece dando banho no beb\u00ea Lamine Yamal. Anos depois, o registro ganhou repercuss\u00e3o pela coincid\u00eancia entre as carreiras dos dois.<\/p>\n<p>\u201cFoi um acaso da vida. Naquele momento, era imposs\u00edvel imaginar o que aconteceria quase 20 anos depois. \u00c9 uma combina\u00e7\u00e3o de circunst\u00e2ncias que acontece uma \u00fanica vez\u201d, afirmou Monfort ao relembrar a sess\u00e3o.<\/p>\n<p>O fot\u00f3grafo tamb\u00e9m contou que Messi era bastante t\u00edmido e demonstrava pouca familiaridade ao segurar uma crian\u00e7a. Segundo ele, a ideia da fotografia surgiu na noite anterior, enquanto dava banho na pr\u00f3pria filha.<\/p>\n<p>A imagem voltou a circular com for\u00e7a \u00e0s v\u00e9speras da decis\u00e3o do Mundial. Durante entrevista \u00e0 plataforma DAZN, Yamal foi questionado sobre a possibilidade de enfrentar Messi em uma final de Copa do Mundo.<\/p>\n<p>\u201cCresci um pouco, eu acho, e o Leo tamb\u00e9m. Tomara que eu possa enfrent\u00e1-lo, j\u00e1 que isso n\u00e3o aconteceu na Final\u00edssima\u201d, respondeu o espanhol, sorrindo.<\/p>\n<p>O confronto entre os campe\u00f5es da Eurocopa e da Copa Am\u00e9rica estava previsto para 27 de mar\u00e7o, no Est\u00e1dio Nacional de Lusail, no Catar, mas foi cancelado em raz\u00e3o da guerra no Oriente M\u00e9dio.<\/p>\n<p>Agora, o reencontro ocorrer\u00e1 no maior palco poss\u00edvel. Espanha e Argentina decidem o t\u00edtulo mundial no domingo, em uma final que transforma uma fotografia de inf\u00e2ncia em um dos principais s\u00edmbolos da Copa.<\/p>\n<p><img decoding=\"async\" src=\"https:\/\/media-manager.noticiasaominuto.com\/640\/naom_6a5873e942eb1.jpg\" \/><\/p>\n<h2><a href=\"https:\/\/www.noticiasaominuto.com.br\/esporte\/2397948\/messi-contra-ataca-somos-os-melhores-do-mundo-doa-a-quem-doer\"> Messi contra-ataca: &#8220;Somos os melhores do mundo, doa a quem doer&#8221; <\/a><\/h2>\n<p>Capit\u00e3o argentino destacou a for\u00e7a do grupo ap\u00f3s a virada sobre a Inglaterra e a classifica\u00e7\u00e3o para a segunda final consecutiva de Copa do Mundo. A Argentina enfrentar\u00e1 a Espanha na decis\u00e3o<\/p>\n<p><small> Not\u00edcias ao Minuto | 04:45 &#8211; 16\/07\/2026 <\/small><\/p>\n<\/div>\n<p><a href=\"https:\/\/www.google.com\/preferences\/source?q=noticiasaominuto.com.br\"><\/a><\/p>\n<p><strong>Escolha o Not\u00edcias ao Minuto como fonte preferida no Google<\/strong><br \/>\n<span><br \/>\n        Receba as nossas not\u00edcias com mais destaque sempre que pesquisar no Google.<br \/>\n    <\/span> <\/p><\/article>","protected":false},"excerpt":{"rendered":"<p>Uma a\u00e7\u00e3o beneficente reuniu Lionel Messi e Lamine Yamal quando o espanhol ainda era beb\u00ea. Quase duas d\u00e9cadas depois, os&hellip;<\/p>\n","protected":false},"author":4,"featured_media":558417,"comment_status":"open","ping_status":"open","sticky":false,"template":"","format":"standard","meta":{"footnotes":""},"categories":[6],"tags":[],"class_list":["post-558416","post","type-post","status-publish","format-standard","has-post-thumbnail","hentry","category-esportes"],"_links":{"self":[{"href":"https:\/\/villanews.com.br\/index.php?rest_route=\/wp\/v2\/posts\/558416","targetHints":{"allow":["GET"]}}],"collection":[{"href":"https:\/\/villanews.com.br\/index.php?rest_route=\/wp\/v2\/posts"}],"about":[{"href":"https:\/\/villanews.com.br\/index.php?rest_route=\/wp\/v2\/types\/post"}],"author":[{"embeddable":true,"href":"https:\/\/villanews.com.br\/index.php?rest_route=\/wp\/v2\/users\/4"}],"replies":[{"embeddable":true,"href":"https:\/\/villanews.com.br\/index.php?rest_route=%2Fwp%2Fv2%2Fcomments&post=558416"}],"version-history":[{"count":0,"href":"https:\/\/villanews.com.br\/index.php?rest_route=\/wp\/v2\/posts\/558416\/revisions"}],"wp:featuredmedia":[{"embeddable":true,"href":"https:\/\/villanews.com.br\/index.php?rest_route=\/wp\/v2\/media\/558417"}],"wp:attachment":[{"href":"https:\/\/villanews.com.br\/index.php?rest_route=%2Fwp%2Fv2%2Fmedia&parent=558416"}],"wp:term":[{"taxonomy":"category","embeddable":true,"href":"https:\/\/villanews.com.br\/index.php?rest_route=%2Fwp%2Fv2%2Fcategories&post=558416"},{"taxonomy":"post_tag","embeddable":true,"href":"https:\/\/villanews.com.br\/index.php?rest_route=%2Fwp%2Fv2%2Ftags&post=558416"}],"curies":[{"name":"wp","href":"https:\/\/api.w.org\/{rel}","templated":true}]}}