{"id":556779,"date":"2026-07-15T19:00:18","date_gmt":"2026-07-15T23:00:18","guid":{"rendered":"https:\/\/villanews.com.br\/?p=556779"},"modified":"2026-07-15T19:00:18","modified_gmt":"2026-07-15T23:00:18","slug":"tarcisio-consegue-derrubar-na-justica-21-publicacoes-de-oposicao-nas-redes-sociais","status":"publish","type":"post","link":"https:\/\/villanews.com.br\/?p=556779","title":{"rendered":"Tarc\u00edsio consegue derrubar na Justi\u00e7a 21 publica\u00e7\u00f5es de oposi\u00e7\u00e3o nas redes sociais"},"content":{"rendered":"<div class=\"postBody-module-scss-module__8_WGKG__postBodyContainer\">\n<p>A equipe do governador Tarc\u00edsio de Freitas (Republicanos-SP), que deve concorrer \u00e0 reelei\u00e7\u00e3o, informou ter conseguido derrubar na Justi\u00e7a 21 publica\u00e7\u00f5es contr\u00e1rias ao seu governo nas redes sociais. O Tribunal Regional Eleitoral (TRE-SP) retirou as postagens do ar por meio de decis\u00f5es liminares de v\u00e1rios magistrados.<\/p>\n<p>As irregularidades identificadas nas decis\u00f5es inclu\u00edram propaganda eleitoral antecipada e impulsionamento de conte\u00fado contr\u00e1rio a advers\u00e1rios, o que a legisla\u00e7\u00e3o eleitoral pro\u00edbe. Uma das decis\u00f5es obriga o deputado estadual Em\u00eddio de Souza (PT), coordenador do programa de governo da pr\u00e9-campanha de Fernando Haddad, a pagar multa de R$ 10 mil.<\/p>\n<p>VEJA TAMB\u00c9M:<\/p>\n<p>O v\u00eddeo coloca Tarc\u00edsio como o boneco Chucky, do filme Brinquedo Assassino, com o uso de IA. A defesa de Em\u00eddio reconheceu a autoria da publica\u00e7\u00e3o, sustentou que o v\u00eddeo consistiria em uma \u201cmanifesta\u00e7\u00e3o sat\u00edrica\u201d e alegou prote\u00e7\u00e3o da liberdade de express\u00e3o devido ao &#8220;car\u00e1ter caricatural&#8221; da mensagem.<\/p>\n<h2>Envolvimento de deputados do PT<\/h2>\n<p>As a\u00e7\u00f5es foram impetradas pelo diret\u00f3rio estadual do Republicanos e tiveram como alvo publica\u00e7\u00f5es de parlamentares do PT, como Antonio Donato, Jilmar Tatto e Em\u00eddio de Souza, al\u00e9m de p\u00e1ginas ap\u00f3crifas, independentes e algumas que n\u00e3o est\u00e3o mais no ar nas  redes sociais. Eles n\u00e3o comentaram publicamente as a\u00e7\u00f5es, com exce\u00e7\u00e3o de Donato<\/p>\n<p>\u201cTarc\u00edsio e a extrema direita vivem falando em liberdade de express\u00e3o, mas n\u00e3o aguentam enfrentar a verdade e, por isso, apelam para a censura&#8221;, declarou ele em nota \u00e0 coluna painel, da <em>Folha de S.Paulo<\/em>.<\/p>\n<h2>Ofensiva organizada<\/h2>\n<p>A pr\u00e9-campanha de Tarc\u00edsio viu nas a\u00e7\u00f5es uma \u201cofensiva organizada\u201d de ataques contra o governador, em alguns casos com o uso de perfis an\u00f4nimos, repudiou o uso de \u201cdesinforma\u00e7\u00e3o\u201d e de \u201cexpedientes ilegais\u201d na disputa pol\u00edtica.<\/p>\n<p>Em junho, <a href=\"https:\/\/www.gazetadopovo.com.br\/republica\/perfis-fantasmas-gastam-r-13-milhao-para-impulsionar-conteudo-contra-a-direita-diz-jornal\/\">foi noticiado o uso de \u201cfantasmas\u201d nas redes sociais da Meta <\/a>para investir R$ 1,29 milh\u00e3o com o intuito de promover ataques contra candidatos de direita. A Meta n\u00e3o comentou.<\/p>\n<\/div>","protected":false},"excerpt":{"rendered":"<p>A equipe do governador Tarc\u00edsio de Freitas (Republicanos-SP), que deve concorrer \u00e0 reelei\u00e7\u00e3o, informou ter conseguido derrubar na Justi\u00e7a 21&hellip;<\/p>\n","protected":false},"author":4,"featured_media":556521,"comment_status":"open","ping_status":"open","sticky":false,"template":"","format":"standard","meta":{"footnotes":""},"categories":[5],"tags":[],"class_list":["post-556779","post","type-post","status-publish","format-standard","has-post-thumbnail","hentry","category-politica"],"_links":{"self":[{"href":"https:\/\/villanews.com.br\/index.php?rest_route=\/wp\/v2\/posts\/556779","targetHints":{"allow":["GET"]}}],"collection":[{"href":"https:\/\/villanews.com.br\/index.php?rest_route=\/wp\/v2\/posts"}],"about":[{"href":"https:\/\/villanews.com.br\/index.php?rest_route=\/wp\/v2\/types\/post"}],"author":[{"embeddable":true,"href":"https:\/\/villanews.com.br\/index.php?rest_route=\/wp\/v2\/users\/4"}],"replies":[{"embeddable":true,"href":"https:\/\/villanews.com.br\/index.php?rest_route=%2Fwp%2Fv2%2Fcomments&post=556779"}],"version-history":[{"count":0,"href":"https:\/\/villanews.com.br\/index.php?rest_route=\/wp\/v2\/posts\/556779\/revisions"}],"wp:featuredmedia":[{"embeddable":true,"href":"https:\/\/villanews.com.br\/index.php?rest_route=\/wp\/v2\/media\/556521"}],"wp:attachment":[{"href":"https:\/\/villanews.com.br\/index.php?rest_route=%2Fwp%2Fv2%2Fmedia&parent=556779"}],"wp:term":[{"taxonomy":"category","embeddable":true,"href":"https:\/\/villanews.com.br\/index.php?rest_route=%2Fwp%2Fv2%2Fcategories&post=556779"},{"taxonomy":"post_tag","embeddable":true,"href":"https:\/\/villanews.com.br\/index.php?rest_route=%2Fwp%2Fv2%2Ftags&post=556779"}],"curies":[{"name":"wp","href":"https:\/\/api.w.org\/{rel}","templated":true}]}}