{"id":556518,"date":"2026-07-15T17:00:00","date_gmt":"2026-07-15T21:00:00","guid":{"rendered":"https:\/\/villanews.com.br\/?p=556518"},"modified":"2026-07-15T17:00:00","modified_gmt":"2026-07-15T21:00:00","slug":"juninho-volta-a-ser-robinho-jr-e-e-um-dos-relacionados-de-cuca-no-santos","status":"publish","type":"post","link":"https:\/\/villanews.com.br\/?p=556518","title":{"rendered":"Juninho volta a ser Robinho Jr. e \u00e9 um dos relacionados de Cuca no Santos"},"content":{"rendered":"<article class=\"mb-12\">\n<h2>Atacante de 18 anos abandona apelido de &#8216;Juninho&#8217; dias ap\u00f3s adot\u00e1-lo nos materiais do clube<\/h2>\n<p><img decoding=\"async\" src=\"https:\/\/media-manager.noticiasaominuto.com.br\/960\/naom_69e3906839dee.webp\" \/><\/p>\n<p>\u00a9 Raul Baretta\/ Santos FC<\/p>\n<p><img decoding=\"async\" src=\"https:\/\/noticiasaominutobr-img.com\/team\/naom.png\" \/><\/p>\n<p><span><br \/>\n                    15\/07\/2026 18:00 \u2027<br \/>\n                    h\u00e1 2 horas<br \/>\n                    por Folhapress<br \/>\n                <\/span><\/p>\n<p>\n                        Esporte\n                    <\/p>\n<p>\n<a href=\"https:\/\/www.noticiasaominuto.com.br\/esporte\/tag\/santos\"><br \/>\n                                Santos<br \/>\n                            <\/a>\n<\/p>\n<div class=\"article-content mb-24 font-slab text-paragraph font-light\">\n<p><span>(<\/span>UOL\/FOLHAPRESS) &#8211; Uma curiosidade roubou a cena na lista de relacionados do Santos para o jogo contra o Botafogo, nesta quinta-feira (16).\u00a0O atacante Robinho Jr. voltou atr\u00e1s em uma decis\u00e3o pessoal recente e solicitou ao clube mais uma mudan\u00e7a de nome.<\/p>\n<p>                                                                    \u00a0<\/p>\n<p>Antes do amistoso de intertemporada com o Uni\u00e3o S\u00e3o Jo\u00e3o, no dia 4 de julho, o Menino da Vila havia pedido para ser chamado de Juninho.<\/p>\n<p>Pouco mais de dez dias depois de tal solicita\u00e7\u00e3o, o atleta mudou de ideia e pediu para voltar a ser chamado de Robinho Jr.<\/p>\n<p>O atacante \u00e9 um dos 21 jogadores que o t\u00e9cnico Cuca relacionou para o confronto de retomada do Campeonato Brasileiro, marcado para as 19h30 (de Bras\u00edlia), no Est\u00e1dio Nilton Santos, pela 19\u00aa rodada.<\/p>\n<h3>CUCA TEM DESFALQUES IMPORTANTES<\/h3>\n<p>As principais aus\u00eancias do Peixe para essa partida s\u00e3o o atacante Neymar, que se reapresentar\u00e1 no CT Rei Pel\u00e9 na pr\u00f3xima sexta-feira (17), e o centroavante Gabigol, que cumpre suspens\u00e3o pelo cart\u00e3o vermelho recebido contra o Vit\u00f3ria, na Vila Belmiro, ap\u00f3s fazer gestos obscenos para um torcedor do pr\u00f3prio clube.<\/p>\n<p>Al\u00e9m da dupla, Cuca tamb\u00e9m n\u00e3o poder\u00e1 contar com o meio-campista Jo\u00e3o Schmidt. O volante sentiu um desconforto na regi\u00e3o da coxa direita e foi vetado pelo departamento m\u00e9dico da viagem ao Rio de Janeiro.<\/p>\n<p>Em contrapartida, a principal novidade na lista \u00e9 a presen\u00e7a do jovem Nadson, que, assim como Vin\u00edcius Fabri, agradou bastante a comiss\u00e3o t\u00e9cnica do elenco profissional durante a intertemporada.<\/p>\n<h3>OS RELACIONADOS DO SANTOS:<\/h3>\n<p>Goleiros: Braz\u00e3o e Di\u00f3genes<\/p>\n<p>Laterais: Igor Vin\u00edcius, Gabriel Menino e Escobar<\/p>\n<p>Zagueiros: Lucas Ver\u00edssimo, Luan Peres, Jo\u00e3o Ananias, Gustavo Henrique e Adonis Fr\u00edas<\/p>\n<p>Meio-campistas: Willian Ar\u00e3o, Thaciano, Christian Oliva, Miguelito, Rollheiser, Gabriel Bontempo e Samuel Pierri<\/p>\n<p>Atacantes: Robinho Jr, Rony, Barreal e Nadson<\/p>\n<h3>IGOR VIN\u00cdCIUS E BONTEMPO DEVEM COME\u00c7AR NO BANCO<\/h3>\n<p>Apesar de estarem integrando a delega\u00e7\u00e3o que viajou para o Rio, o lateral-direito Igor Vin\u00edcius e o meia-atacante Gabriel Bontempo ainda n\u00e3o re\u00fanem condi\u00e7\u00f5es f\u00edsicas ideais e devem iniciar o confronto no banco de reservas.<\/p>\n<p>Igor est\u00e1 na fase final de transi\u00e7\u00e3o f\u00edsica ap\u00f3s sofrer uma fratura no p\u00e9, enquanto Bontempo segue em tratamento para dores no p\u00fabis.<\/p>\n<p>Leia Tamb\u00e9m: <a href=\"https:\/\/www.noticiasaominuto.com.br\/esporte\/2397830\/flamengo-empresta-carlinhos-ao-athletic-ate-fim-do-seu-contrato\">Flamengo empresta Carlinhos ao Athletic at\u00e9 fim do seu contrato<\/a><\/p>\n<\/div>\n<p><a href=\"https:\/\/www.google.com\/preferences\/source?q=noticiasaominuto.com.br\"><\/a><\/p>\n<p><strong>Escolha o Not\u00edcias ao Minuto como fonte preferida no Google<\/strong><br \/>\n<span><br \/>\n        Receba as nossas not\u00edcias com mais destaque sempre que pesquisar no Google.<br \/>\n    <\/span> <\/p><\/article>","protected":false},"excerpt":{"rendered":"<p>Atacante de 18 anos abandona apelido de &#8216;Juninho&#8217; dias ap\u00f3s adot\u00e1-lo nos materiais do clube \u00a9 Raul Baretta\/ Santos FC&hellip;<\/p>\n","protected":false},"author":4,"featured_media":556519,"comment_status":"open","ping_status":"open","sticky":false,"template":"","format":"standard","meta":{"footnotes":""},"categories":[6],"tags":[],"class_list":["post-556518","post","type-post","status-publish","format-standard","has-post-thumbnail","hentry","category-esportes"],"_links":{"self":[{"href":"https:\/\/villanews.com.br\/index.php?rest_route=\/wp\/v2\/posts\/556518","targetHints":{"allow":["GET"]}}],"collection":[{"href":"https:\/\/villanews.com.br\/index.php?rest_route=\/wp\/v2\/posts"}],"about":[{"href":"https:\/\/villanews.com.br\/index.php?rest_route=\/wp\/v2\/types\/post"}],"author":[{"embeddable":true,"href":"https:\/\/villanews.com.br\/index.php?rest_route=\/wp\/v2\/users\/4"}],"replies":[{"embeddable":true,"href":"https:\/\/villanews.com.br\/index.php?rest_route=%2Fwp%2Fv2%2Fcomments&post=556518"}],"version-history":[{"count":0,"href":"https:\/\/villanews.com.br\/index.php?rest_route=\/wp\/v2\/posts\/556518\/revisions"}],"wp:featuredmedia":[{"embeddable":true,"href":"https:\/\/villanews.com.br\/index.php?rest_route=\/wp\/v2\/media\/556519"}],"wp:attachment":[{"href":"https:\/\/villanews.com.br\/index.php?rest_route=%2Fwp%2Fv2%2Fmedia&parent=556518"}],"wp:term":[{"taxonomy":"category","embeddable":true,"href":"https:\/\/villanews.com.br\/index.php?rest_route=%2Fwp%2Fv2%2Fcategories&post=556518"},{"taxonomy":"post_tag","embeddable":true,"href":"https:\/\/villanews.com.br\/index.php?rest_route=%2Fwp%2Fv2%2Ftags&post=556518"}],"curies":[{"name":"wp","href":"https:\/\/api.w.org\/{rel}","templated":true}]}}