{"id":556510,"date":"2026-07-15T10:31:44","date_gmt":"2026-07-15T14:31:44","guid":{"rendered":"https:\/\/villanews.com.br\/?p=556510"},"modified":"2026-07-15T10:31:44","modified_gmt":"2026-07-15T14:31:44","slug":"estatais-tem-deficit-em-todos-os-anos-do-governo-lula-apos-superavit-sob-bolsonaro","status":"publish","type":"post","link":"https:\/\/villanews.com.br\/?p=556510","title":{"rendered":"Estatais t\u00eam d\u00e9ficit em todos os anos do governo Lula ap\u00f3s super\u00e1vit sob Bolsonaro"},"content":{"rendered":"<div class=\"postBody-module-scss-module__8_WGKG__postBodyContainer\">\n<p>Ap\u00f3s uma sequ\u00eancia de resultados positivos durante o governo Jair Bolsonaro (PL), com gera\u00e7\u00e3o de caixa para a Uni\u00e3o, empresas estatais n\u00e3o dependentes mergulharam em um ciclo deficit\u00e1rio no atual mandato de Luiz In\u00e1cio Lula da Silva (PT), aponta auditoria do Tribunal de Contas da Uni\u00e3o (TCU).<\/p>\n<p>A situa\u00e7\u00e3o tem levado \u00e0 necessidade de aportes bilion\u00e1rios por parte do Tesouro nas companhias que, em tese, deveriam gerar receitas suficientes para cobrir seus pr\u00f3prios custos operacionais, sem depender do Or\u00e7amento da Uni\u00e3o.<\/p>\n<p>Entre as estatais classificadas como n\u00e3o dependentes est\u00e3o os <strong>Correios <\/strong>(ECT), a <strong>Empresa Brasileira de Infraestrutura Aeroportu\u00e1ria (Infraero<\/strong>), a <strong>Eletronuclear<\/strong> e a <strong>Casa da Moeda do Brasil<\/strong>.<\/p>\n<p>\u201cA progressiva revers\u00e3o de resultados positivos para d\u00e9ficits crescentes ao longo do tri\u00eanio 2023-2025 evidencia deteriora\u00e7\u00e3o na capacidade de autofinanciamento dessas estatais e adiciona press\u00e3o ao esfor\u00e7o fiscal consolidado\u201d, conclui o TCU em parecer pr\u00e9vio sobre as contas do governo referente ao exerc\u00edcio de 2025.<\/p>\n<p>O \u00f3rg\u00e3o atribui o cen\u00e1rio de \u201cdeteriora\u00e7\u00e3o disseminada\u201d, entre outros fatores, a uma \u201cdefici\u00eancia sist\u00eamica na supervis\u00e3o ministerial e no acompanhamento orientado a riscos, que n\u00e3o atuou de forma preventiva nem induziu ajustes estruturais tempestivos\u201d.<\/p>\n<p>A an\u00e1lise utiliza como base estat\u00edsticas fiscais do Banco Central (BC), que excluem as estatais do setor financeiro (Banco do Brasil, Caixa e BNDES) e do grupo Petrobras, que operam sob din\u00e2micas de mercado e regras fiscais distintas.<\/p>\n<p>De acordo com a s\u00e9rie hist\u00f3rica do BC, ao longo da gest\u00e3o Bolsonaro o conjunto de empresas estatais n\u00e3o dependentes apresentou super\u00e1vit em 2019 (R$ 10,29 bilh\u00f5es), 2021 (R$ 3,03 bilh\u00f5es) e 2022 (R$ 4,75 bilh\u00f5es) \u2013 em 2020, o resultado foi negativo em R$ 614 milh\u00f5es. No acumulado do quadri\u00eanio, os n\u00fameros foram positivos em R$ 17,46 bilh\u00f5es.<\/p>\n<p>J\u00e1 no atual mandato de Lula, h\u00e1 uma sequ\u00eancia de d\u00e9ficits at\u00e9 o momento: -R$ 656 milh\u00f5es em 2023; -R$ 6,73 bilh\u00f5es em 2024; e -R$ 5,13 bilh\u00f5es em 2025. Em 2026, o d\u00e9ficit acumulado nos cinco meses do ano j\u00e1 chegava a R$ 5,96 bilh\u00f5es, totalizando um rombo de R$ 18,48 bilh\u00f5es entre janeiro de 2023 e maio deste ano.<\/p>\n<p><img decoding=\"async\" src=\"https:\/\/media.gazetadopovo.com.br\/2026\/07\/07125922\/tcu-estatais-deficit-correios.jpg.webp\" \/><i>Entre as estatais deficit\u00e1rias, o caso dos Correios \u00e9 considerado o mais grave de insolv\u00eancia e risco fiscal pelo TCU (Foto: Marcos Oliveira\/Ag\u00eancia Senado)<\/i><\/p>\n<h2>Governo projeta d\u00e9ficit nas estatais at\u00e9 2030<\/h2>\n<p>O Projeto de Lei de Diretrizes Or\u00e7ament\u00e1rias (PLDO) de 2027 apresentado pelo governo projeta situa\u00e7\u00e3o de d\u00e9ficit das estatais federais n\u00e3o dependentes at\u00e9 2030.<\/p>\n<p>O TCU destaca que mais da metade das 21 empresas que comp\u00f5em o Programa de Disp\u00eandios Globais (PDG) fecharam o ano de 2025 no \u201cvermelho\u201d.<\/p>\n<p>Entre as companhias com desempenho negativo, destacaram-se a Empresa Gerencial de Projetos Navais (Emgepron), com -R$ 2,8 bilh\u00f5es \u2014 cerca de 55% do d\u00e9ficit agregado \u2014, os Correios, com -R$ 1 bilh\u00e3o, a Empresa Gestora de Ativos (Emgea), com -R$ 791 milh\u00f5es, e a Infraero, com -R$ 775 milh\u00f5es.<\/p>\n<p>VEJA TAMB\u00c9M:<\/p>\n<h2>Rombo em estatais faz governo retirar verba de pol\u00edticas p\u00fablicas<\/h2>\n<p>O problema do rombo nas contas das estatais n\u00e3o dependentes acende o alerta da corte de contas por respingar no Or\u00e7amento Geral da Uni\u00e3o. Segundo o relat\u00f3rio do \u00f3rg\u00e3o, dos R$ 3,29 bilh\u00f5es contingenciados pelo governo at\u00e9 o 5\u00ba bimestre de 2025, \u201caproximadamente 91% decorreram da necessidade de absor\u00e7\u00e3o do d\u00e9ficit das estatais\u201d.<\/p>\n<p>\u201cIsso imp\u00f4s restri\u00e7\u00f5es or\u00e7ament\u00e1rias a \u00f3rg\u00e3os respons\u00e1veis por pol\u00edticas p\u00fablicas, exigindo replanejamento for\u00e7ado e afetando a continuidade de programas governamentais\u201d, diz o parecer.<\/p>\n<p>Embora o governo tenha cumprido formalmente a meta de d\u00e9ficit para o setor (R$ 6,2 bilh\u00f5es), o TCU alerta que isso s\u00f3 ocorreu por fatores conjunturais, como o atraso na contrata\u00e7\u00e3o de um empr\u00e9stimo pelos Correios, o que adiou despesas, \u201cmaquiando\u201d os n\u00fameros consolidados.<\/p>\n<p>VEJA TAMB\u00c9M:<\/p>\n<h2>TCU aponta \u201cdesvios significativos\u201d entre estimativas e resultados de estatais<\/h2>\n<p>Uma das ressalvas levantadas pelo TCU no parecer que aprovou as contas de Lula referentes a 2025 diz respeito a \u201cdesvios significativos e recorrentes entre as estimativas de resultado prim\u00e1rio das empresas estatais federais n\u00e3o dependentes e os resultados efetivamente apurados ao longo da execu\u00e7\u00e3o financeira\u201d.<\/p>\n<p>Para o \u00f3rg\u00e3o, essas discrep\u00e2ncias colocam em xeque a confiabilidade do planejamento do PDG, al\u00e9m de reduzir a previsibilidade da pol\u00edtica fiscal do governo.<\/p>\n<p>Para se ter uma ideia, entre as estimativas do PDG para o 2\u00ba bimestre de 2025 e os n\u00fameros realizados, o resultado dos Correios apresentou deteriora\u00e7\u00e3o de 225%, enquanto o da Emgea piorou 46%. J\u00e1 o da Companhia Docas do Cear\u00e1 ficou 77% abaixo do valor estimado.<\/p>\n<h2>Estatais como Correios e Eletronuclear t\u00eam quadro de \u201cinsolv\u00eancia t\u00e9cnica\u201d e \u201cd\u00e9ficit estrutural\u201d<\/h2>\n<p>Diante do quadro, o TCU destacou situa\u00e7\u00f5es cr\u00edticas de risco fiscal imediato para a Uni\u00e3o, com obriga\u00e7\u00f5es de aporte contratualmente assumidas ou iminentes. O \u00f3rg\u00e3o cita os <a href=\"https:\/\/www.gazetadopovo.com.br\/economia\/crise-correios-rombo-recorde-governo-injetar-mais-recursos\/\">Correios como o caso de maior gravidade<\/a>.<\/p>\n<p>A empresa opera em insolv\u00eancia t\u00e9cnica, perdendo mercado e sufocada por custos de pessoal que consomem 60% da receita. A Uni\u00e3o j\u00e1 assumiu a obriga\u00e7\u00e3o contratual de aportar pelo menos R$ 6 bilh\u00f5es at\u00e9 2027 para evitar o colapso da estatal.<\/p>\n<p>A Eletronuclear, que responde pela opera\u00e7\u00e3o de usinas de gera\u00e7\u00e3o nuclear, por sua vez, apresenta quadro de d\u00e9ficit estrutural porque a tarifa definida pelo \u00f3rg\u00e3o regulador n\u00e3o cobre seus custos operacionais.<\/p>\n<p>Companhias federais que gerenciam portos tamb\u00e9m t\u00eam riscos que variam de m\u00e9dio a alto, segundo o \u00f3rg\u00e3o. A PortosRio, respons\u00e1vel pelos portos p\u00fablicos do Rio de Janeiro, Itagua\u00ed, Niter\u00f3i e Angra dos Reis, por exemplo, tem patrim\u00f4nio l\u00edquido negativo, gera\u00e7\u00e3o de caixa operacional insuficiente, al\u00e9m de passivos trabalhistas.<\/p>\n<h2>Tribunal aponta brecha para uso indevido de recursos por estatais<\/h2>\n<p>Como mostrou a <strong>Gazeta do Povo<\/strong>, a auditoria do TCU aponta ainda falhas no controle dos recursos aportados nas estatais n\u00e3o dependentes, o que abre brecha para o uso indevido de recursos do Tesouro.<\/p>\n<p>Segundo o \u00f3rg\u00e3o, nos \u00faltimos 15 anos a Uni\u00e3o realizou aportes de capital acima das necessidades reais de execu\u00e7\u00e3o dos projetos.<\/p>\n<p>A falta de rastreabilidade dos recursos permite que as empresas utilizem os rendimentos financeiros de dinheiro p\u00fablico parado em caixa para cobrir despesas operacionais, o que distorceria a real situa\u00e7\u00e3o de sustentabilidade das empresas e fere princ\u00edpios or\u00e7ament\u00e1rios.<\/p>\n<h2>Ministro do TCU aponta &#8220;contabilidade criativa&#8221; do governo Lula<\/h2>\n<p>Apesar dos apontamentos sobre o desempenho das estatais, em seu voto, o ministro Odair Cunha amenizou a cr\u00edtica sobre alguns dos resultados negativos. Parte do d\u00e9ficit negativo da Emgepron, por exemplo, \u00e9 vista por ele como um \u201cclaro investimento governamental de vulto\u201d em projetos navais estrat\u00e9gicos.<\/p>\n<p>\u201c\u00c9 necess\u00e1rio distinguir d\u00e9ficits operacionais recorrentes de disp\u00eandios associados a investimentos, aquisi\u00e7\u00e3o de ativos e execu\u00e7\u00e3o de projetos estrat\u00e9gicos. Nem todo resultado prim\u00e1rio negativo possui o mesmo significado econ\u00f4mico\u201d, declarou Cunha em seu voto.<\/p>\n<p>Outros membros da corte de contas, no entanto, demonstraram maior preocupa\u00e7\u00e3o com o quadro geral das estatais. Jorge Oliveira, por exemplo, apontou que o d\u00e9ficit das estatais demonstra uma deteriora\u00e7\u00e3o da situa\u00e7\u00e3o financeira que contribui para a piora fiscal da Uni\u00e3o e evidencia a insufici\u00eancia da supervis\u00e3o ministerial.<\/p>\n<p>Para Augusto Nardes, o cumprimento da meta fiscal em 2025 valeu-se de \u201ccontabilidade criativa\u201d e o esfor\u00e7o fiscal apresentado foi \u201cartificial\u201d.<\/p>\n<h2>Outro lado<\/h2>\n<p>Procurado pela <strong>Gazeta do Povo<\/strong> para comentar o d\u00e9ficit recorrente das empresas estatais no atual governo, o Minist\u00e9rio da Gest\u00e3o e Inova\u00e7\u00e3o (MGI), ao qual est\u00e1 subordinada a Secretaria de Coordena\u00e7\u00e3o e Governan\u00e7a das Empresas\u00a0Estatais\u00a0(Sest), informou apenas que \u201cmant\u00e9m di\u00e1logo constante com o\u00a0TCU\u00a0sobre o assunto\u201d.<\/p>\n<p>VEJA TAMB\u00c9M:<\/p>\n<\/div>\n<p>\u00a0<\/p>","protected":false},"excerpt":{"rendered":"<p>Ap\u00f3s uma sequ\u00eancia de resultados positivos durante o governo Jair Bolsonaro (PL), com gera\u00e7\u00e3o de caixa para a Uni\u00e3o, empresas&hellip;<\/p>\n","protected":false},"author":4,"featured_media":555367,"comment_status":"open","ping_status":"open","sticky":false,"template":"","format":"standard","meta":{"footnotes":""},"categories":[190],"tags":[],"class_list":["post-556510","post","type-post","status-publish","format-standard","has-post-thumbnail","hentry","category-economia"],"_links":{"self":[{"href":"https:\/\/villanews.com.br\/index.php?rest_route=\/wp\/v2\/posts\/556510","targetHints":{"allow":["GET"]}}],"collection":[{"href":"https:\/\/villanews.com.br\/index.php?rest_route=\/wp\/v2\/posts"}],"about":[{"href":"https:\/\/villanews.com.br\/index.php?rest_route=\/wp\/v2\/types\/post"}],"author":[{"embeddable":true,"href":"https:\/\/villanews.com.br\/index.php?rest_route=\/wp\/v2\/users\/4"}],"replies":[{"embeddable":true,"href":"https:\/\/villanews.com.br\/index.php?rest_route=%2Fwp%2Fv2%2Fcomments&post=556510"}],"version-history":[{"count":0,"href":"https:\/\/villanews.com.br\/index.php?rest_route=\/wp\/v2\/posts\/556510\/revisions"}],"wp:featuredmedia":[{"embeddable":true,"href":"https:\/\/villanews.com.br\/index.php?rest_route=\/wp\/v2\/media\/555367"}],"wp:attachment":[{"href":"https:\/\/villanews.com.br\/index.php?rest_route=%2Fwp%2Fv2%2Fmedia&parent=556510"}],"wp:term":[{"taxonomy":"category","embeddable":true,"href":"https:\/\/villanews.com.br\/index.php?rest_route=%2Fwp%2Fv2%2Fcategories&post=556510"},{"taxonomy":"post_tag","embeddable":true,"href":"https:\/\/villanews.com.br\/index.php?rest_route=%2Fwp%2Fv2%2Ftags&post=556510"}],"curies":[{"name":"wp","href":"https:\/\/api.w.org\/{rel}","templated":true}]}}