{"id":556393,"date":"2026-07-15T17:55:43","date_gmt":"2026-07-15T21:55:43","guid":{"rendered":"https:\/\/villanews.com.br\/?p=556393"},"modified":"2026-07-15T17:55:43","modified_gmt":"2026-07-15T21:55:43","slug":"eua-lancam-ataques-contra-instalacoes-militares-do-ira-que-ameacam-navegacao-em-ormuz","status":"publish","type":"post","link":"https:\/\/villanews.com.br\/?p=556393","title":{"rendered":"EUA lan\u00e7am ataques contra instala\u00e7\u00f5es militares do Ir\u00e3 que amea\u00e7am navega\u00e7\u00e3o em Ormuz"},"content":{"rendered":"<div class=\"postBody-module-scss-module__8_WGKG__postBodyContainer\">\n<p>Os EUA lan\u00e7aram uma nova onda de ataques contra o Ir\u00e3 nesta quarta-feira (15), visando capacidades militares que, segundo Washington, s\u00e3o usadas para amea\u00e7ar navios que transitam pelo Estreito de Ormuz.<\/p>\n<p>O Comando Central dos EUA (Centcom) afirmou em um comunicado que a ofensiva come\u00e7ou nesta tarde, e assegurou que os bombardeios visam degradar a capacidade de Teer\u00e3 de comprometer a navega\u00e7\u00e3o nessa via naveg\u00e1vel estrat\u00e9gica do Golfo P\u00e9rsico.<\/p>\n<p>Os bombardeios seguem outro realizado pelas for\u00e7as armadas americanas horas antes contra alvos militares iranianos, que &#8220;diminuiu ainda mais as capacidades do Ir\u00e3&#8221;.<\/p>\n<p>Durante a ofensiva, os EUA usaram muni\u00e7\u00f5es de precis\u00e3o contra sistemas de defesa costeira e dep\u00f3sitos e locais de lan\u00e7amento de m\u00edsseis de cruzeiro localizados na Ilha de Tunb, no Golfo P\u00e9rsico.<\/p>\n<p>Enquanto isso, o Conselho de Coopera\u00e7\u00e3o do Golfo (CCG) acusou o regime do Ir\u00e3 de arrastar todo o Oriente M\u00e9dio para o caos com seus ataques contra  vizinhos \u00e1rabes, membros dessa alian\u00e7a pol\u00edtica e econ\u00f4mica, bem como contra a Jord\u00e2nia.<\/p>\n<p>As ondas de ataques a\u00e9reos dos EUA fazem parte de uma ofensiva agressiva, retomada no \u00faltimo fim de semana, ap\u00f3s o presidente Donald Trump declarar o fim do cessar-fogo.<\/p>\n<p>O Ir\u00e3 acusou os EUA de terem &#8220;destru\u00eddo&#8221; o memorando de entendimento para o fim da guerra ao restabelecer o bloqueio naval, e tamb\u00e9m relatou a morte de mais de 30 civis em ataques a\u00e9reos dos EUA nos \u00faltimos dias.<\/p>\n<p>Por sua vez, Trump afirmou esta semana que n\u00e3o deseja negociar com o Ir\u00e3 neste momento, embora tenha revelado que representantes de ambos os pa\u00edses estiveram em contato durante o dia, enquanto Teer\u00e3 &#8220;insiste&#8221; em um acordo com Washington.<\/p>\n<p>VEJA TAMB\u00c9M:<\/p>\n<\/div>","protected":false},"excerpt":{"rendered":"<p>Os EUA lan\u00e7aram uma nova onda de ataques contra o Ir\u00e3 nesta quarta-feira (15), visando capacidades militares que, segundo Washington,&hellip;<\/p>\n","protected":false},"author":4,"featured_media":556394,"comment_status":"open","ping_status":"open","sticky":false,"template":"","format":"standard","meta":{"footnotes":""},"categories":[204],"tags":[],"class_list":["post-556393","post","type-post","status-publish","format-standard","has-post-thumbnail","hentry","category-ultimas-noticias"],"_links":{"self":[{"href":"https:\/\/villanews.com.br\/index.php?rest_route=\/wp\/v2\/posts\/556393","targetHints":{"allow":["GET"]}}],"collection":[{"href":"https:\/\/villanews.com.br\/index.php?rest_route=\/wp\/v2\/posts"}],"about":[{"href":"https:\/\/villanews.com.br\/index.php?rest_route=\/wp\/v2\/types\/post"}],"author":[{"embeddable":true,"href":"https:\/\/villanews.com.br\/index.php?rest_route=\/wp\/v2\/users\/4"}],"replies":[{"embeddable":true,"href":"https:\/\/villanews.com.br\/index.php?rest_route=%2Fwp%2Fv2%2Fcomments&post=556393"}],"version-history":[{"count":0,"href":"https:\/\/villanews.com.br\/index.php?rest_route=\/wp\/v2\/posts\/556393\/revisions"}],"wp:featuredmedia":[{"embeddable":true,"href":"https:\/\/villanews.com.br\/index.php?rest_route=\/wp\/v2\/media\/556394"}],"wp:attachment":[{"href":"https:\/\/villanews.com.br\/index.php?rest_route=%2Fwp%2Fv2%2Fmedia&parent=556393"}],"wp:term":[{"taxonomy":"category","embeddable":true,"href":"https:\/\/villanews.com.br\/index.php?rest_route=%2Fwp%2Fv2%2Fcategories&post=556393"},{"taxonomy":"post_tag","embeddable":true,"href":"https:\/\/villanews.com.br\/index.php?rest_route=%2Fwp%2Fv2%2Ftags&post=556393"}],"curies":[{"name":"wp","href":"https:\/\/api.w.org\/{rel}","templated":true}]}}