{"id":556239,"date":"2026-07-15T15:06:44","date_gmt":"2026-07-15T19:06:44","guid":{"rendered":"https:\/\/villanews.com.br\/?p=556239"},"modified":"2026-07-15T15:06:44","modified_gmt":"2026-07-15T19:06:44","slug":"suposto-espiao-russo-relata-greve-de-fome-e-assedio-do-pcc-em-prisao-diz-relatorio","status":"publish","type":"post","link":"https:\/\/villanews.com.br\/?p=556239","title":{"rendered":"Suposto espi\u00e3o russo relata greve de fome e ass\u00e9dio do PCC em pris\u00e3o, diz relat\u00f3rio"},"content":{"rendered":"<div class=\"postBody-module-scss-module__8_WGKG__postBodyContainer\">\n<p>O russo Sergey Vladimirovich Cherkasov, apontado por autoridades do Brasil, da Holanda e dos EUA como agente da intelig\u00eancia militar da R\u00fassia, pediu para ficar em isolamento ap\u00f3s ser assediado por integrantes da fac\u00e7\u00e3o criminosa PCC. \u00c9 o que consta em um relat\u00f3rio da Procuradoria Federal dos Direitos do Cidad\u00e3o (PFDC) encaminhado \u00e0 <strong>Gazeta do Povo<\/strong> pela assessoria de imprensa do Minist\u00e9rio P\u00fablico Federal.<\/p>\n<p>A investiga\u00e7\u00e3o teve in\u00edcio em 2024, ap\u00f3s um pedido de familiares do russo ao Alto Comissariado de Direitos Humanos da R\u00fassia, que por sua vez foi procurado por familiares de Cherkasov. Sua m\u00e3e suspeitava de maus-tratos em fun\u00e7\u00e3o da dificuldade que tinha em contat\u00e1-lo \u2013 n\u00e3o houve contato desde a transfer\u00eancia \u00e0 penitenci\u00e1ria federal de Bras\u00edlia.<\/p>\n<p>VEJA TAMB\u00c9M:<\/p>\n<h2>Greve de fome<\/h2>\n<p>Os fatos apurados pela PFDC indicaram que Sergey n\u00e3o teria sofrido, ele pr\u00f3prio, maus-tratos sob a cust\u00f3dia de agentes brasileiros, mas relatou o que percebeu como atos de press\u00e3o psicol\u00f3gica, como a \u201cretirada de revistas, palavras cruzadas, folhas escritas em russo, correspond\u00eancias e formul\u00e1rios usados para fazer pedidos \u00e0 administra\u00e7\u00e3o penitenci\u00e1ria\u201d.<\/p>\n<p>Como forma de reverter a priva\u00e7\u00e3o dos materiais, o russo realizou uma greve de fome, diz o relat\u00f3rio, que foi repassado em forma de resumo \u00e0 <strong>Gazeta do Povo<\/strong>. O russo fez ainda reclama\u00e7\u00f5es sobre pouca exposi\u00e7\u00e3o \u00e0 luz solar e a redu\u00e7\u00e3o da ilumina\u00e7\u00e3o na cela, o que lhe impossibilitaria de ler.<\/p>\n<h2>Pedidos do PCC<\/h2>\n<p>O caso do suposto ass\u00e9dio por membros do PCC, de acordo com a narrativa reproduzida pela PFDC, teria acontecido ap\u00f3s a veicula\u00e7\u00e3o de uma reportagem sobre o russo em uma revista de circula\u00e7\u00e3o nacional. N\u00e3o h\u00e1 detalhes sobre que tipo de pedido a fac\u00e7\u00e3o fez ao estrangeiro.<\/p>\n<p>Ele acabou isolado a pedidos dele pr\u00f3prio, ap\u00f3s um \u201ctumulto\u201d de grandes propor\u00e7\u00f5es no p\u00e1tio de conviv\u00eancia, durante o qual um outro preso acabou gravemente ferido. Serguei passou a temer pela pr\u00f3pria vida.<\/p>\n<h2>Sem contato com a m\u00e3e<\/h2>\n<p>Quanto ao contato externo, Cerkazov relatou que n\u00e3o tinha fam\u00edlia no Brasil, recebia apenas representantes do Consulado da R\u00fassia e nunca tinha conseguido falar diretamente com sua m\u00e3e desde a sua transfer\u00eancia para Bras\u00edlia.<\/p>\n<p>Disse ainda que n\u00e3o conseguia enviar cartas para a fam\u00edlia por falta de tradutores de russo para portugu\u00eas e que n\u00e3o havia realizado reuni\u00f5es virtuais com seus advogados particulares de S\u00e3o Paulo.<\/p>\n<p>Sobre seu estado de sa\u00fade durante a cust\u00f3dia, o russo relatou ter sentido rinite, dores articulares no pulso e na panturrilha. A queda de uma obtura\u00e7\u00e3o teria lhe causado forte dor de dente e foi solicitado atendimento odontol\u00f3gico emergencial.<\/p>\n<h2>Repercuss\u00e3o internacional<\/h2>\n<p>O caso ganhou repercuss\u00e3o internacional em 2022, quando Cherkasov tentou ingressar na Holanda utilizando a identidade falsa de Victor Muller Ferreira, supostamente um brasileiro nascido em Niter\u00f3i (RJ).<\/p>\n<p>Segundo a intelig\u00eancia holandesa, ele buscava assumir um est\u00e1gio no Tribunal Penal Internacional (TPI), em Haia, onde teria acesso a investiga\u00e7\u00f5es sobre crimes de guerra atribu\u00eddos \u00e0 R\u00fassia na invas\u00e3o da Ucr\u00e2nia. Ele acabou preso no mesmo ano pela Pol\u00edcia Federal (PF) do Brasil.<\/p>\n<p>Em 2023, as <a href=\"https:\/\/www.gazetadopovo.com.br\/republica\/stf-identifica-espiao-trapalhao-e-diz-que-vai-devolve-lo-a-russia-apos-investigacao\/\">investiga\u00e7\u00f5es apontaram<\/a> que o russo chegou ao Brasil em 2010 e ele havia construido, ao longo de anos, uma identidade falsa de cidad\u00e3o brasileiro.<\/p>\n<p>Com documenta\u00e7\u00e3o falsa, obteve passaporte brasileiro, estudou no exterior e circulou por diversos pa\u00edses antes de ser descoberto. A intelig\u00eancia da Holanda classificou Cherkasov como um agente &#8220;ilegal&#8221; \u2014 espi\u00f5es treinados durante anos para atuar sob identidades falsas em pa\u00edses estrangeiros.<\/p>\n<h2>Expuls\u00e3o do Brasil<\/h2>\n<p>O Minist\u00e9rio da Justi\u00e7a determinou, no in\u00edcio de julho, a <a href=\"https:\/\/www.gazetadopovo.com.br\/republica\/governo-determina-expulsao-russo-apontado-espiao-veta-retorno-brasil-30-anos\/\">expuls\u00e3o do russo atrav\u00e9s de portaria no Di\u00e1rio Oficial da Uni\u00e3o<\/a>, estabelecendo que ele ficar\u00e1 proibido de retornar ao Brasil por 30 anos. A expuls\u00e3o s\u00f3 ser\u00e1 cumprida ap\u00f3s o t\u00e9rmino da pena ou caso haja autoriza\u00e7\u00e3o da Justi\u00e7a para sua libera\u00e7\u00e3o.<\/p>\n<p>Cherkasov \u00e9 acusado de integrar um programa russo de longo prazo que utiliza o Brasil como plataforma para espionagem internacional. Esses agentes vivem no pa\u00eds por anos, aprendendo a l\u00edngua e a cultura.<\/p>\n<p>Cherkasov chegou a ter namorada no Brasil e a fazer aulas de forr\u00f3 para parecer um brasileiro comum. As investiga\u00e7\u00f5es sobre o que ele fez no pa\u00eds ainda n\u00e3o foram conclu\u00eddas.<\/p>\n<p>O caso tamb\u00e9m virou uma disputa diplom\u00e1tica. Em 2023, os Estados Unidos solicitaram a extradi\u00e7\u00e3o de Cherkasov, acusando-o de atuar como agente de intelig\u00eancia em territ\u00f3rio americano e de cometer crimes como fraude banc\u00e1ria e fraude em vistos.<\/p>\n<p>Paralelamente, a R\u00fassia tamb\u00e9m pediu sua extradi\u00e7\u00e3o, alegando que ele respondia a um processo por tr\u00e1fico de drogas. O pedido russo gerou a suspeita de que ele teria respaldo de autoridades do seu pa\u00eds.<\/p>\n<p>O governo brasileiro acabou rejeitando o pedido americano e manteve o processo de extradi\u00e7\u00e3o para a R\u00fassia, cuja execu\u00e7\u00e3o dependeria da conclus\u00e3o dos processos em curso no Brasil.<\/p>\n<\/div>","protected":false},"excerpt":{"rendered":"<p>O russo Sergey Vladimirovich Cherkasov, apontado por autoridades do Brasil, da Holanda e dos EUA como agente da intelig\u00eancia militar&hellip;<\/p>\n","protected":false},"author":4,"featured_media":556058,"comment_status":"open","ping_status":"open","sticky":false,"template":"","format":"standard","meta":{"footnotes":""},"categories":[5],"tags":[],"class_list":["post-556239","post","type-post","status-publish","format-standard","has-post-thumbnail","hentry","category-politica"],"_links":{"self":[{"href":"https:\/\/villanews.com.br\/index.php?rest_route=\/wp\/v2\/posts\/556239","targetHints":{"allow":["GET"]}}],"collection":[{"href":"https:\/\/villanews.com.br\/index.php?rest_route=\/wp\/v2\/posts"}],"about":[{"href":"https:\/\/villanews.com.br\/index.php?rest_route=\/wp\/v2\/types\/post"}],"author":[{"embeddable":true,"href":"https:\/\/villanews.com.br\/index.php?rest_route=\/wp\/v2\/users\/4"}],"replies":[{"embeddable":true,"href":"https:\/\/villanews.com.br\/index.php?rest_route=%2Fwp%2Fv2%2Fcomments&post=556239"}],"version-history":[{"count":0,"href":"https:\/\/villanews.com.br\/index.php?rest_route=\/wp\/v2\/posts\/556239\/revisions"}],"wp:featuredmedia":[{"embeddable":true,"href":"https:\/\/villanews.com.br\/index.php?rest_route=\/wp\/v2\/media\/556058"}],"wp:attachment":[{"href":"https:\/\/villanews.com.br\/index.php?rest_route=%2Fwp%2Fv2%2Fmedia&parent=556239"}],"wp:term":[{"taxonomy":"category","embeddable":true,"href":"https:\/\/villanews.com.br\/index.php?rest_route=%2Fwp%2Fv2%2Fcategories&post=556239"},{"taxonomy":"post_tag","embeddable":true,"href":"https:\/\/villanews.com.br\/index.php?rest_route=%2Fwp%2Fv2%2Ftags&post=556239"}],"curies":[{"name":"wp","href":"https:\/\/api.w.org\/{rel}","templated":true}]}}