{"id":556158,"date":"2026-07-13T12:12:43","date_gmt":"2026-07-13T16:12:43","guid":{"rendered":"https:\/\/villanews.com.br\/?p=556158"},"modified":"2026-07-13T12:12:43","modified_gmt":"2026-07-13T16:12:43","slug":"como-a-camara-ocultou-r-13-bilhao-em-emendas-parlamentares-em-2025","status":"publish","type":"post","link":"https:\/\/villanews.com.br\/?p=556158","title":{"rendered":"Como a C\u00e2mara ocultou R$ 1,3 bilh\u00e3o em emendas parlamentares em 2025?"},"content":{"rendered":"<div class=\"postBody-module-scss-module__8_WGKG__postBodyContainer\">\n<p>Um relat\u00f3rio da Transpar\u00eancia Brasil revela que lideran\u00e7as de sete partidos na C\u00e2mara dos Deputados omitiram os autores reais de R$ 1,3 bilh\u00e3o em emendas de comiss\u00e3o em 2025. O mecanismo, que dificulta o controle p\u00fablico, \u00e9 comparado ao extinto or\u00e7amento secreto, proibido pelo STF em 2022.<\/p>\n<h2>O que s\u00e3o as chamadas emendas de lideran\u00e7a?<\/h2>\n<p>S\u00e3o recursos do or\u00e7amento indicados por l\u00edderes partid\u00e1rios em nome de uma bancada inteira, em vez de um deputado espec\u00edfico. Na pr\u00e1tica, isso esconde quem realmente decidiu para onde o dinheiro foi enviado. Uma lei aprovada em 2024 permitiu essa pr\u00e1tica, o que, segundo entidades de controle, ressuscita a falta de transpar\u00eancia do antigo or\u00e7amento secreto.<\/p>\n<h2>Quais partidos mais utilizaram esse mecanismo para ocultar gastos?<\/h2>\n<p>O relat\u00f3rio identificou 1.341 indica\u00e7\u00f5es sem autor definido. O Progressistas (PP) lidera a lista, tendo destinado R$ 427,7 milh\u00f5es. Em seguida aparecem o Uni\u00e3o Brasil (R$ 288,7 milh\u00f5es) e o Republicanos (R$ 218,5 milh\u00f5es). PL, Avante, Podemos e Solidariedade tamb\u00e9m utilizaram o m\u00e9todo em 2025, e o PT passou a adotar a pr\u00e1tica agora em 2026.<\/p>\n<h2>Por que o caso do partido PP \u00e9 considerado o mais emblem\u00e1tico?<\/h2>\n<p>O l\u00edder do PP destinou mais de 75% dos seus recursos para estados fora de seu reduto eleitoral principal. Metade do valor foi para o Piau\u00ed e 23% para o Rio de Janeiro. Para especialistas, \u00e9 pouco prov\u00e1vel que um \u00fanico parlamentar tenha decidido sozinho todas essas centenas de pequenas transfer\u00eancias, o que sugere que ele apenas &#8216;assinou&#8217; pedidos de outros deputados an\u00f4nimos.<\/p>\n<h2>Como esse dinheiro est\u00e1 sendo aplicado na ponta final?<\/h2>\n<p>Existe uma grande dificuldade de rastreamento. \u00d3rg\u00e3os federais como a Codevasf receberam centenas de milh\u00f5es, mas o Portal da Transpar\u00eancia mostra apenas quais empresas foram contratadas. N\u00e3o h\u00e1 detalhes claros sobre quais munic\u00edpios ou institui\u00e7\u00f5es foram beneficiados pelas obras ou equipamentos, deixando R$ 821 milh\u00f5es em uma esp\u00e9cie de &#8216;limbo&#8217; de informa\u00e7\u00f5es.<\/p>\n<h2>Quais medidas est\u00e3o sendo propostas para resolver o problema?<\/h2>\n<p>A Transpar\u00eancia Brasil defende a extin\u00e7\u00e3o das emendas de lideran\u00e7a e a suspens\u00e3o das emendas de comiss\u00e3o at\u00e9 que se crie um identificador \u00fanico para cada gasto. J\u00e1 a C\u00e2mara afirma que est\u00e1 integrando sistemas com o Poder Executivo e o Senado para melhorar a rastreabilidade, seguindo acordos feitos com o STF para dar mais clareza ao ciclo das emendas.<\/p>\n<p><i>Conte\u00fado produzido a partir de informa\u00e7\u00f5es apuradas pela equipe de rep\u00f3rteres da Gazeta do Povo. Para acessar a informa\u00e7\u00e3o na \u00edntegra e se aprofundar sobre o tema leia a reportagem abaixo.<\/i><\/p>\n<p>VEJA TAMB\u00c9M:<\/p>\n<\/div>","protected":false},"excerpt":{"rendered":"<p>Um relat\u00f3rio da Transpar\u00eancia Brasil revela que lideran\u00e7as de sete partidos na C\u00e2mara dos Deputados omitiram os autores reais de&hellip;<\/p>\n","protected":false},"author":4,"featured_media":549506,"comment_status":"open","ping_status":"open","sticky":false,"template":"","format":"standard","meta":{"footnotes":""},"categories":[241],"tags":[],"class_list":["post-556158","post","type-post","status-publish","format-standard","has-post-thumbnail","hentry","category-senado-federal"],"_links":{"self":[{"href":"https:\/\/villanews.com.br\/index.php?rest_route=\/wp\/v2\/posts\/556158","targetHints":{"allow":["GET"]}}],"collection":[{"href":"https:\/\/villanews.com.br\/index.php?rest_route=\/wp\/v2\/posts"}],"about":[{"href":"https:\/\/villanews.com.br\/index.php?rest_route=\/wp\/v2\/types\/post"}],"author":[{"embeddable":true,"href":"https:\/\/villanews.com.br\/index.php?rest_route=\/wp\/v2\/users\/4"}],"replies":[{"embeddable":true,"href":"https:\/\/villanews.com.br\/index.php?rest_route=%2Fwp%2Fv2%2Fcomments&post=556158"}],"version-history":[{"count":0,"href":"https:\/\/villanews.com.br\/index.php?rest_route=\/wp\/v2\/posts\/556158\/revisions"}],"wp:featuredmedia":[{"embeddable":true,"href":"https:\/\/villanews.com.br\/index.php?rest_route=\/wp\/v2\/media\/549506"}],"wp:attachment":[{"href":"https:\/\/villanews.com.br\/index.php?rest_route=%2Fwp%2Fv2%2Fmedia&parent=556158"}],"wp:term":[{"taxonomy":"category","embeddable":true,"href":"https:\/\/villanews.com.br\/index.php?rest_route=%2Fwp%2Fv2%2Fcategories&post=556158"},{"taxonomy":"post_tag","embeddable":true,"href":"https:\/\/villanews.com.br\/index.php?rest_route=%2Fwp%2Fv2%2Ftags&post=556158"}],"curies":[{"name":"wp","href":"https:\/\/api.w.org\/{rel}","templated":true}]}}