{"id":555905,"date":"2026-07-15T08:34:41","date_gmt":"2026-07-15T12:34:41","guid":{"rendered":"https:\/\/villanews.com.br\/?p=555905"},"modified":"2026-07-15T08:34:41","modified_gmt":"2026-07-15T12:34:41","slug":"senado-aprova-limite-de-5-para-retencao-de-fundos-de-estados-e-municipios","status":"publish","type":"post","link":"https:\/\/villanews.com.br\/?p=555905","title":{"rendered":"Senado aprova limite de 5% para reten\u00e7\u00e3o de fundos de estados e munic\u00edpios"},"content":{"rendered":"<div class=\"postBody-module-scss-module__8_WGKG__postBodyContainer\">\n<p>O Senado Federal aprovou, nesta ter\u00e7a-feira (14), um projeto de lei que imp\u00f5e um limite de 5% ao bloqueio, pela Uni\u00e3o, dos recursos do Fundo de Participa\u00e7\u00e3o dos Munic\u00edpios (FPM) e do Fundo de Participa\u00e7\u00e3o dos Estados e do Distrito Federal (FPE) para quitar d\u00edvidas previdenci\u00e1rias. O texto segue para a C\u00e2mara.<\/p>\n<p>A proposta foi protocolada em 2021, durante o governo de Jair Bolsonaro (PL), pelo senador Rog\u00e9rio Carvalho (PT-SE). O petista argumentou que a reten\u00e7\u00e3o sem limites estaria acumulando quase R$ 2 bilh\u00f5es em recursos p\u00fablicos na esfera federal, dinheiro que pode ser aplicado em \u00e1reas como sa\u00fade, educa\u00e7\u00e3o e assist\u00eancia social.<\/p>\n<p>Os fundos constitucionais captam recursos principalmente do imposto de renda e do imposto sobre produtos industrializados. Enquanto a parcela de cada estado no FPE \u00e9 transferida mensalmente, o FPM \u00e9 pago a cada dez dias. A t\u00edtulo de exemplo, o munic\u00edpio de S\u00e3o Paulo j\u00e1 recebeu R$ 298,3 milh\u00f5es desde o in\u00edcio do ano do FPM. J\u00e1 o estado de S\u00e3o Paulo j\u00e1 arrecadou R$ 1,1 bilh\u00e3o do FPE.<\/p>\n<p>VEJA TAMB\u00c9M:<\/p>\n<p>No plen\u00e1rio do Senado, a relatora foi Dorinha Seabra (Uni\u00e3o-TO). Ela destacou que os principais afetados com as reten\u00e7\u00f5es s\u00e3o os munic\u00edpios pequenos que teriam, com a aprova\u00e7\u00e3o, a preserva\u00e7\u00e3o de suas capacidades financeiras.<\/p>\n<p>&#8220;A fixa\u00e7\u00e3o de par\u00e2metro objetivo, portanto, fortalece a previsibilidade fiscal, favorece a negocia\u00e7\u00e3o dos passivos previdenci\u00e1rios e contribui para a sustentabilidade das finan\u00e7as subnacionais&#8221;, completou.<\/p>\n<p>O senador Eduardo Gir\u00e3o (Novo-CE) registrou seu voto contr\u00e1rio. Para ele, a medida n\u00e3o enfrenta a causa do endividamento e pode prejudicar a gest\u00e3o fiscal, estimulando a inadimpl\u00eancia de estados e munic\u00edpios.<\/p>\n<p>&#8220;Sou favor\u00e1vel a discutir mecanismos que impe\u00e7am reten\u00e7\u00f5es desproporcionais e preservem a continuidade dos servi\u00e7os p\u00fablicos. Mas isso deve vir acompanhado de contrapartidas, como planos de regulariza\u00e7\u00e3o, cumprimento das obriga\u00e7\u00f5es correntes e regras que incentivem a boa gest\u00e3o, e n\u00e3o o adiamento indefinido das d\u00edvidas&#8221;, explicou.<\/p>\n<\/div>\n<p>\u00a0<\/p>","protected":false},"excerpt":{"rendered":"<p>O Senado Federal aprovou, nesta ter\u00e7a-feira (14), um projeto de lei que imp\u00f5e um limite de 5% ao bloqueio, pela&hellip;<\/p>\n","protected":false},"author":4,"featured_media":555099,"comment_status":"open","ping_status":"open","sticky":false,"template":"","format":"standard","meta":{"footnotes":""},"categories":[190],"tags":[],"class_list":["post-555905","post","type-post","status-publish","format-standard","has-post-thumbnail","hentry","category-economia"],"_links":{"self":[{"href":"https:\/\/villanews.com.br\/index.php?rest_route=\/wp\/v2\/posts\/555905","targetHints":{"allow":["GET"]}}],"collection":[{"href":"https:\/\/villanews.com.br\/index.php?rest_route=\/wp\/v2\/posts"}],"about":[{"href":"https:\/\/villanews.com.br\/index.php?rest_route=\/wp\/v2\/types\/post"}],"author":[{"embeddable":true,"href":"https:\/\/villanews.com.br\/index.php?rest_route=\/wp\/v2\/users\/4"}],"replies":[{"embeddable":true,"href":"https:\/\/villanews.com.br\/index.php?rest_route=%2Fwp%2Fv2%2Fcomments&post=555905"}],"version-history":[{"count":0,"href":"https:\/\/villanews.com.br\/index.php?rest_route=\/wp\/v2\/posts\/555905\/revisions"}],"wp:featuredmedia":[{"embeddable":true,"href":"https:\/\/villanews.com.br\/index.php?rest_route=\/wp\/v2\/media\/555099"}],"wp:attachment":[{"href":"https:\/\/villanews.com.br\/index.php?rest_route=%2Fwp%2Fv2%2Fmedia&parent=555905"}],"wp:term":[{"taxonomy":"category","embeddable":true,"href":"https:\/\/villanews.com.br\/index.php?rest_route=%2Fwp%2Fv2%2Fcategories&post=555905"},{"taxonomy":"post_tag","embeddable":true,"href":"https:\/\/villanews.com.br\/index.php?rest_route=%2Fwp%2Fv2%2Ftags&post=555905"}],"curies":[{"name":"wp","href":"https:\/\/api.w.org\/{rel}","templated":true}]}}