{"id":555725,"date":"2026-07-15T11:30:44","date_gmt":"2026-07-15T15:30:44","guid":{"rendered":"https:\/\/villanews.com.br\/?p=555725"},"modified":"2026-07-15T11:30:44","modified_gmt":"2026-07-15T15:30:44","slug":"zema-critica-decisao-de-moraes-sobre-carta-de-bolsonaro-e-fala-em-perseguicao-politica","status":"publish","type":"post","link":"https:\/\/villanews.com.br\/?p=555725","title":{"rendered":"Zema critica decis\u00e3o de Moraes sobre carta de Bolsonaro e fala em persegui\u00e7\u00e3o pol\u00edtica"},"content":{"rendered":"<div class=\"postBody-module-scss-module__8_WGKG__postBodyContainer\">\n<p>O ex-governador de Minas Gerais e pr\u00e9-candidato \u00e0 Presid\u00eancia da Rep\u00fablica, Romeu Zema (Novo), criticou nesta ter\u00e7a-feira (14) a decis\u00e3o do ministro Alexandre de Moraes, do Supremo Tribunal Federal (STF), que suspendeu as visitas do senador Fl\u00e1vio Bolsonaro (PL-RJ) ao ex-presidente Jair Bolsonaro (PL). A medida ocorreu ap\u00f3s a divulga\u00e7\u00e3o de uma carta escrita por Bolsonaro, na qual o ex-presidente atribui ao filho a fun\u00e7\u00e3o de porta-voz durante a disputa eleitoral de 2026.<\/p>\n<p>Bolsonaro cumpre pris\u00e3o domiciliar e est\u00e1 impedido de utilizar redes sociais e acessar a internet. Durante entrevista \u00e0 <em>CBN Santos<\/em>, Zema afirmou que a troca de correspond\u00eancias por pessoas detidas \u00e9 uma pr\u00e1tica comum e questionou a restri\u00e7\u00e3o imposta pelo Supremo.<\/p>\n<p>&#8220;Acho que todo mundo j\u00e1 viu filmes, j\u00e1 viu diversas ocasi\u00f5es em que quem est\u00e1 detido se comunica por carta, como foi dito. \u00c9 algo mais do que normal, \u00e9 verific\u00e1vel, ningu\u00e9m vai mandar dentro de uma carta uma faca, uma pistola, droga; \u00e9 papel. Ent\u00e3o, voc\u00ea querer, vamos dizer, tolher um direito do ser humano&#8221;, opinou Zema.<\/p>\n<h2>Zema acusa STF de atuar como tribunal pol\u00edtico<\/h2>\n<p>Al\u00e9m das cr\u00edticas \u00e0 decis\u00e3o espec\u00edfica, o governador mineiro acusou o STF de extrapolar suas atribui\u00e7\u00f5es constitucionais. Para ele, a Corte tem atuado \u201cmais como um tribunal pol\u00edtico do que um tribunal jur\u00eddico\u201d, o que indica uma \u201cdisfuncionalidade do Brasil e persegui\u00e7\u00e3o pol\u00edtica\u201d.<\/p>\n<p>Na sequ\u00eancia, Zema voltou a questionar a atua\u00e7\u00e3o dos ministros do Supremo em casos ligados ao ex-presidente. \u201cMinistro do Supremo, em qualquer pa\u00eds s\u00e9rio, julga quest\u00f5es constitucionais. Aqui no Brasil, ministro do Supremo est\u00e1 perdendo tempo avaliando carta que algu\u00e9m que est\u00e1 detido envia ou n\u00e3o envia\u201d, prosseguiu Zema. \u201cIsso, para mim, \u00e9 coisa para juiz de primeira inst\u00e2ncia, para desembargador, e n\u00e3o para Supremo Tribunal.\u201d<\/p>\n<p>Ao justificar a decis\u00e3o, Alexandre de Moraes destacou que uma das medidas cautelares impostas a Jair Bolsonaro pro\u00edbe o uso de redes sociais, tanto de forma direta quanto por interm\u00e9dio de terceiros. Na avalia\u00e7\u00e3o do ministro, Fl\u00e1vio Bolsonaro descumpriu as restri\u00e7\u00f5es e adotou uma &#8220;conduta irregular&#8221; ao divulgar o conte\u00fado da carta.<\/p>\n<p>Al\u00e9m disso, Moraes determinou o envio do caso ao Minist\u00e9rio P\u00fablico Eleitoral (MPE), que dever\u00e1 apurar uma poss\u00edvel pr\u00e1tica de propaganda eleitoral antecipada por parte do senador. Apesar da investiga\u00e7\u00e3o, a defesa de Fl\u00e1vio Bolsonaro afirmou que n\u00e3o v\u00ea motivos para preocupa\u00e7\u00e3o com eventuais medidas judiciais decorrentes do epis\u00f3dio.<\/p>\n<p>VEJA TAMB\u00c9M:<\/p>\n<\/div>","protected":false},"excerpt":{"rendered":"<p>O ex-governador de Minas Gerais e pr\u00e9-candidato \u00e0 Presid\u00eancia da Rep\u00fablica, Romeu Zema (Novo), criticou nesta ter\u00e7a-feira (14) a decis\u00e3o&hellip;<\/p>\n","protected":false},"author":4,"featured_media":555497,"comment_status":"open","ping_status":"open","sticky":false,"template":"","format":"standard","meta":{"footnotes":""},"categories":[5],"tags":[],"class_list":["post-555725","post","type-post","status-publish","format-standard","has-post-thumbnail","hentry","category-politica"],"_links":{"self":[{"href":"https:\/\/villanews.com.br\/index.php?rest_route=\/wp\/v2\/posts\/555725","targetHints":{"allow":["GET"]}}],"collection":[{"href":"https:\/\/villanews.com.br\/index.php?rest_route=\/wp\/v2\/posts"}],"about":[{"href":"https:\/\/villanews.com.br\/index.php?rest_route=\/wp\/v2\/types\/post"}],"author":[{"embeddable":true,"href":"https:\/\/villanews.com.br\/index.php?rest_route=\/wp\/v2\/users\/4"}],"replies":[{"embeddable":true,"href":"https:\/\/villanews.com.br\/index.php?rest_route=%2Fwp%2Fv2%2Fcomments&post=555725"}],"version-history":[{"count":0,"href":"https:\/\/villanews.com.br\/index.php?rest_route=\/wp\/v2\/posts\/555725\/revisions"}],"wp:featuredmedia":[{"embeddable":true,"href":"https:\/\/villanews.com.br\/index.php?rest_route=\/wp\/v2\/media\/555497"}],"wp:attachment":[{"href":"https:\/\/villanews.com.br\/index.php?rest_route=%2Fwp%2Fv2%2Fmedia&parent=555725"}],"wp:term":[{"taxonomy":"category","embeddable":true,"href":"https:\/\/villanews.com.br\/index.php?rest_route=%2Fwp%2Fv2%2Fcategories&post=555725"},{"taxonomy":"post_tag","embeddable":true,"href":"https:\/\/villanews.com.br\/index.php?rest_route=%2Fwp%2Fv2%2Ftags&post=555725"}],"curies":[{"name":"wp","href":"https:\/\/api.w.org\/{rel}","templated":true}]}}