{"id":555294,"date":"2026-07-15T09:00:00","date_gmt":"2026-07-15T13:00:00","guid":{"rendered":"https:\/\/villanews.com.br\/?p=555294"},"modified":"2026-07-15T09:00:00","modified_gmt":"2026-07-15T13:00:00","slug":"na-mira-do-palmeiras-danilo-posta-e-marca-data-para-retorno-ao-botafogo","status":"publish","type":"post","link":"https:\/\/villanews.com.br\/?p=555294","title":{"rendered":"Na mira do Palmeiras, Danilo posta e marca data para retorno ao Botafogo"},"content":{"rendered":"<article class=\"mb-12\">\n<div>\n<h2>Alvo do Palmeiras, Danilo anunciou que se reapresentar\u00e1 ao Botafogo na segunda-feira. O clube paulista ofereceu cerca de R$ 120 milh\u00f5es pelo meio-campista, que tamb\u00e9m desperta interesse de equipes europeias<\/h2>\n<\/div>\n<p><img decoding=\"async\" src=\"https:\/\/media-manager.noticiasaominuto.com.br\/960\/naom_6a57556691224.webp\" \/><\/p>\n<p>\u00a9 Getty<\/p>\n<p><img decoding=\"async\" src=\"https:\/\/noticiasaominutobr-img.com\/team\/naom.png\" \/><\/p>\n<p><span><br \/>\n                    15\/07\/2026 10:00 \u2027<br \/>\n                    h\u00e1 1 hora<br \/>\n                    por Folhapress<br \/>\n                <\/span><\/p>\n<p>\n                        Esporte\n                    <\/p>\n<p>\n<a href=\"https:\/\/www.noticiasaominuto.com.br\/esporte\/tag\/botafogo\"><br \/>\n                                Botafogo<br \/>\n                            <\/a>\n<\/p>\n<div class=\"article-content mb-24 font-slab text-paragraph font-light\">\n<p><span>S<\/span>\u00c3O PAULO, SP (UOL\/FOLHAPRESS) &#8211; Alvo do Palmeiras, o meio-campista Danilo informou, em postagem nas redes sociais, sua data de apresenta\u00e7\u00e3o ao Botafogo.<\/p>\n<p>                                                                    \u00a0<\/p>\n<p>&#8220;Mantendo a forma para volta com tudo na segunda&#8221;, escreveu o jogador, que ainda mencionou o clube carioca. A postagem aconteceu nos Stories do Instagram.<\/p>\n<p>O Palmeiras tenta a contrata\u00e7\u00e3o do jogador e apresentou uma oferta na casa dos 20 milh\u00f5es de euros (cerca de R$ 120 milh\u00f5es). A negocia\u00e7\u00e3o tamb\u00e9m envolveria o zagueiro alviverde Naves.<\/p>\n<p>Danilo e seus representantes j\u00e1 avisaram ao Palmeiras que no futebol brasileiro s\u00f3 joga no Alviverde, conforme apurou o UOL. O Flamengo seria outro interessado no meio-campista.<\/p>\n<p>O Alviverde, por\u00e9m, tem concorr\u00eancia de quatro clubes europeus. S\u00e3o eles: Zenit, Newcastle, Roma e Galatasaray.<\/p>\n<\/div>\n<p><a href=\"https:\/\/www.google.com\/preferences\/source?q=noticiasaominuto.com.br\"><\/a><\/p>\n<p><strong>Escolha o Not\u00edcias ao Minuto como fonte preferida no Google<\/strong><br \/>\n<span><br \/>\n        Receba as nossas not\u00edcias com mais destaque sempre que pesquisar no Google.<br \/>\n    <\/span> <\/p><\/article>","protected":false},"excerpt":{"rendered":"<p>Alvo do Palmeiras, Danilo anunciou que se reapresentar\u00e1 ao Botafogo na segunda-feira. O clube paulista ofereceu cerca de R$ 120&hellip;<\/p>\n","protected":false},"author":4,"featured_media":555295,"comment_status":"open","ping_status":"open","sticky":false,"template":"","format":"standard","meta":{"footnotes":""},"categories":[6],"tags":[],"class_list":["post-555294","post","type-post","status-publish","format-standard","has-post-thumbnail","hentry","category-esportes"],"_links":{"self":[{"href":"https:\/\/villanews.com.br\/index.php?rest_route=\/wp\/v2\/posts\/555294","targetHints":{"allow":["GET"]}}],"collection":[{"href":"https:\/\/villanews.com.br\/index.php?rest_route=\/wp\/v2\/posts"}],"about":[{"href":"https:\/\/villanews.com.br\/index.php?rest_route=\/wp\/v2\/types\/post"}],"author":[{"embeddable":true,"href":"https:\/\/villanews.com.br\/index.php?rest_route=\/wp\/v2\/users\/4"}],"replies":[{"embeddable":true,"href":"https:\/\/villanews.com.br\/index.php?rest_route=%2Fwp%2Fv2%2Fcomments&post=555294"}],"version-history":[{"count":0,"href":"https:\/\/villanews.com.br\/index.php?rest_route=\/wp\/v2\/posts\/555294\/revisions"}],"wp:featuredmedia":[{"embeddable":true,"href":"https:\/\/villanews.com.br\/index.php?rest_route=\/wp\/v2\/media\/555295"}],"wp:attachment":[{"href":"https:\/\/villanews.com.br\/index.php?rest_route=%2Fwp%2Fv2%2Fmedia&parent=555294"}],"wp:term":[{"taxonomy":"category","embeddable":true,"href":"https:\/\/villanews.com.br\/index.php?rest_route=%2Fwp%2Fv2%2Fcategories&post=555294"},{"taxonomy":"post_tag","embeddable":true,"href":"https:\/\/villanews.com.br\/index.php?rest_route=%2Fwp%2Fv2%2Ftags&post=555294"}],"curies":[{"name":"wp","href":"https:\/\/api.w.org\/{rel}","templated":true}]}}