{"id":555207,"date":"2026-07-15T06:16:15","date_gmt":"2026-07-15T10:16:15","guid":{"rendered":"https:\/\/villanews.com.br\/?p=555207"},"modified":"2026-07-15T06:16:15","modified_gmt":"2026-07-15T10:16:15","slug":"defesa-de-bolsonaro-deve-explicar-hoje-possivel-descumprimento-de-medidas-impostas-pelo-stf","status":"publish","type":"post","link":"https:\/\/villanews.com.br\/?p=555207","title":{"rendered":"Defesa de Bolsonaro deve explicar hoje poss\u00edvel descumprimento de medidas impostas pelo STF"},"content":{"rendered":"<div class=\"postBody-module-scss-module__8_WGKG__postBodyContainer\">\n<p>A defesa do ex-presidente Jair Bolsonaro (PL) tem at\u00e9 esta quarta-feira (15) para se manifestar ao Supremo Tribunal Federal (STF) sobre a carta lida pelo senador Fl\u00e1vio Bolsonaro (PL) no \u00faltimo s\u00e1bado (11). O ministro Alexandre de Moraes estabeleceu o prazo na segunda-feira (13) e solicitou esclarecimentos sobre a divulga\u00e7\u00e3o do documento nas redes sociais.<\/p>\n<p>O magistrado pretende verificar se o ex-presidente tinha conhecimento pr\u00e9vio da divulga\u00e7\u00e3o do documento nas redes sociais e se a publica\u00e7\u00e3o violou as medidas cautelares impostas a Bolsonaro, que o impedem de utilizar plataformas digitais, inclusive por interm\u00e9dio de terceiros.<\/p>\n<p>Enquanto isso, Fl\u00e1vio Bolsonaro permanece proibido de visitar o pai por 90 dias. Segundo Moraes, o senador atuou como intermedi\u00e1rio na divulga\u00e7\u00e3o da mensagem ao transmitir a leitura da carta em suas redes sociais. O ministro do STF tamb\u00e9m determinou o envio da decis\u00e3o e dos v\u00eddeos \u00e0 Procuradoria-Geral Eleitoral, que avaliar\u00e1 a ado\u00e7\u00e3o de medidas cab\u00edveis.<\/p>\n<h2>Moraes aponta poss\u00edvel propaganda eleitoral antecipada<\/h2>\n<p>Na decis\u00e3o, Alexandre de Moraes afirmou que o v\u00eddeo e as mensagens com conte\u00fado pol\u00edtico podem configurar propaganda eleitoral antecipada caso a Justi\u00e7a Eleitoral conclua que houve promo\u00e7\u00e3o da pr\u00e9-candidatura presidencial de Fl\u00e1vio Bolsonaro, por meio de express\u00f5es equivalentes a um pedido expl\u00edcito de voto.<\/p>\n<p>O ministro ainda citou um epis\u00f3dio ocorrido em 2025, quando Fl\u00e1vio divulgou imagens relacionadas ao pai, apesar das restri\u00e7\u00f5es judiciais. Para Moraes, o novo caso pode indicar reincid\u00eancia no descumprimento das determina\u00e7\u00f5es impostas ao ex-presidente.<\/p>\n<h2>Carta define Fl\u00e1vio como \u201cpr\u00e9-candidato\u201d e \u201cporta-voz\u201d<\/h2>\n<p>Na mensagem intitulada \u201cCarta aos brasileiros\u201d, Jair Bolsonaro afirma que Fl\u00e1vio \u00e9 seu \u201cpr\u00e9-candidato\u201d e seu \u201cporta-voz\u201d, al\u00e9m de destacar a confian\u00e7a no filho para representar suas posi\u00e7\u00f5es pol\u00edticas.<\/p>\n<p>No texto, o ex-presidente escreve: \u201cO momento \u00e9 de arrega\u00e7ar as mangas, deixarmos de lado as poss\u00edveis diferen\u00e7as e cada um se empenhar pelo nosso pr\u00e9-candidato \u00e0 Presid\u00eancia, Fl\u00e1vio Bolsonaro\u201d.<\/p>\n<p>Bolsonaro tamb\u00e9m define o senador como \u201ca melhor op\u00e7\u00e3o para livrarmos o Brasil da corrup\u00e7\u00e3o, da viol\u00eancia e do empobrecimento\u201d.<\/p>\n<h2>Fl\u00e1vio critica decis\u00e3o e cobra posicionamento do STF<\/h2>\n<p>Ap\u00f3s as medidas judiciais, Fl\u00e1vio Bolsonaro acusou Alexandre de Moraes de tentar interferir nas elei\u00e7\u00f5es de 2026. \u201cAlgo desproporcional, desarrazo\u00e1vel e claramente configura essa tentativa de Alexandre de Moraes de interferir nas elei\u00e7\u00f5es deste ano\u201d, afirmou.<\/p>\n<p>Na sequ\u00eancia, o senador relembrou outras cartas divulgadas anteriormente por familiares e aliados do ex-presidente. Segundo ele, a primeira mensagem foi publicada em dezembro, quando seu nome surgiu como op\u00e7\u00e3o para disputar a Presid\u00eancia da Rep\u00fablica.<\/p>\n<p>As tr\u00eas cartas seguintes foram divulgadas por Michelle Bolsonaro, ex-presidente nacional do PL Mulher. Em fevereiro, uma delas tratou do anivers\u00e1rio de casamento do casal. J\u00e1 em mar\u00e7o, Jair Bolsonaro saiu em defesa da ex-primeira-dama ap\u00f3s cr\u00edticas de aliados. Outra mensagem abordou as candidaturas ao Senado em Mato Grosso do Sul.<\/p>\n<p>\u201cN\u00e3o houve nenhuma manifesta\u00e7\u00e3o de Alexandre de Moraes para que essa carta defendendo a Michelle fosse motivo de questionamento se a sua decis\u00e3o havia sido descumprida\u201d, comentou Fl\u00e1vio.<\/p>\n<p>O senador afirmou que Moraes decidiu agir apenas ap\u00f3s a quinta carta, divulgada em suas redes sociais.<\/p>\n<p>\u201cQual \u00e9 a diferen\u00e7a de eu publicar na minha rede, na rede da Michelle, de um irm\u00e3o meu, no Youtube, nas centenas de ve\u00edculos de comunica\u00e7\u00e3o. Nenhuma diferen\u00e7a. Alexandre de Moraes quer uma desculpinha para tirar meu pai da pris\u00e3o domiciliar\u201d, disse Fl\u00e1vio Bolsonaro.<\/p>\n<p>Por fim, o parlamentar fez um apelo ao presidente do STF, Edson Fachin. \u201cO senhor n\u00e3o vai fazer nada? O senhor que dizem que \u00e9 ponderado, que n\u00e3o coadura com injusti\u00e7as, olha o que est\u00e1 acontecendo embaixo do nariz do senhor. Vamos voltar a ter bom senso\u201d, disse.<\/p>\n<p>VEJA TAMB\u00c9M:<\/p>\n<\/div>","protected":false},"excerpt":{"rendered":"<p>A defesa do ex-presidente Jair Bolsonaro (PL) tem at\u00e9 esta quarta-feira (15) para se manifestar ao Supremo Tribunal Federal (STF)&hellip;<\/p>\n","protected":false},"author":4,"featured_media":554775,"comment_status":"open","ping_status":"open","sticky":false,"template":"","format":"standard","meta":{"footnotes":""},"categories":[5],"tags":[],"class_list":["post-555207","post","type-post","status-publish","format-standard","has-post-thumbnail","hentry","category-politica"],"_links":{"self":[{"href":"https:\/\/villanews.com.br\/index.php?rest_route=\/wp\/v2\/posts\/555207","targetHints":{"allow":["GET"]}}],"collection":[{"href":"https:\/\/villanews.com.br\/index.php?rest_route=\/wp\/v2\/posts"}],"about":[{"href":"https:\/\/villanews.com.br\/index.php?rest_route=\/wp\/v2\/types\/post"}],"author":[{"embeddable":true,"href":"https:\/\/villanews.com.br\/index.php?rest_route=\/wp\/v2\/users\/4"}],"replies":[{"embeddable":true,"href":"https:\/\/villanews.com.br\/index.php?rest_route=%2Fwp%2Fv2%2Fcomments&post=555207"}],"version-history":[{"count":0,"href":"https:\/\/villanews.com.br\/index.php?rest_route=\/wp\/v2\/posts\/555207\/revisions"}],"wp:featuredmedia":[{"embeddable":true,"href":"https:\/\/villanews.com.br\/index.php?rest_route=\/wp\/v2\/media\/554775"}],"wp:attachment":[{"href":"https:\/\/villanews.com.br\/index.php?rest_route=%2Fwp%2Fv2%2Fmedia&parent=555207"}],"wp:term":[{"taxonomy":"category","embeddable":true,"href":"https:\/\/villanews.com.br\/index.php?rest_route=%2Fwp%2Fv2%2Fcategories&post=555207"},{"taxonomy":"post_tag","embeddable":true,"href":"https:\/\/villanews.com.br\/index.php?rest_route=%2Fwp%2Fv2%2Ftags&post=555207"}],"curies":[{"name":"wp","href":"https:\/\/api.w.org\/{rel}","templated":true}]}}