{"id":554996,"date":"2026-07-14T13:42:56","date_gmt":"2026-07-14T17:42:56","guid":{"rendered":"https:\/\/villanews.com.br\/?p=554996"},"modified":"2026-07-14T13:42:56","modified_gmt":"2026-07-14T17:42:56","slug":"endividamento-chega-a-81-das-familias-brasileiras-sendo-3-em-cada-10-inadimplentes","status":"publish","type":"post","link":"https:\/\/villanews.com.br\/?p=554996","title":{"rendered":"Endividamento chega a 81% das fam\u00edlias brasileiras, sendo 3 em cada 10 inadimplentes"},"content":{"rendered":"<div class=\"postBody-module-scss-module__8_WGKG__postBodyContainer\">\n<p>O endividamento das fam\u00edlias brasileiras atingiu 81,6% em junho de acordo com dados divulgados nesta ter\u00e7a-feira (14) pela Confedera\u00e7\u00e3o Nacional do Com\u00e9rcio de Bens, Servi\u00e7os e Turismo (CNC). A pesquisa aponta, ainda, que a inadimpl\u00eancia ficou em 29,9% no per\u00edodo.<\/p>\n<p>Em rela\u00e7\u00e3o ao m\u00eas anterior, os dados ficaram est\u00e1veis, mas superiores aos registrados em junho de 2025 de 78,4% e 29,5%, respectivamente. Apesar do avan\u00e7o em rela\u00e7\u00e3o ao ano passado, a interrup\u00e7\u00e3o da trajet\u00f3ria de alta observada nos \u00faltimos meses \u00e9 vista como um sinal de desacelera\u00e7\u00e3o do problema.<\/p>\n<p>\u201cA estabiliza\u00e7\u00e3o da inadimpl\u00eancia e a melhora dos prazos de pagamento em junho d\u00e3o um respiro ao consumidor. [&#8230;] \u00c9 essencial que a continua\u00e7\u00e3o dos efeitos do Desenrola caminhe lado a lado com a redu\u00e7\u00e3o progressiva da taxa Selic pelo Copom\u201d, afirmou presidente do Sistema CNC-Sesc-Senac, Jos\u00e9 Roberto Tadros.<\/p>\n<p>VEJA TAMB\u00c9M:<\/p>\n<p>A pesquisa aponta ainda uma melhora na composi\u00e7\u00e3o das d\u00edvidas das fam\u00edlias brasileiras, em que o grupo que se considera \u201cpouco endividado\u201d aumentou de 33,3% para 34,2%, enquanto o percentual dos que se classificam como \u201cmuito endividados\u201d teve leve alta, passando de 17% para 17,2%.<\/p>\n<p>J\u00e1 a parcela de consumidores que declarou n\u00e3o ter condi\u00e7\u00f5es de pagar suas d\u00edvidas caiu de 12,3% em maio para 12,2% em junho.<\/p>\n<p>\u201cSem o afrouxamento cont\u00ednuo dos juros, o esfor\u00e7o das fam\u00edlias para limpar o nome esbarra no encarecimento do cr\u00e9dito, travando a retomada do com\u00e9rcio\u201d, completou Tadros.<\/p>\n<p>VEJA TAMB\u00c9M:<\/p>\n<p>Os prazos de atraso tamb\u00e9m apresentaram redu\u00e7\u00e3o pelo segundo m\u00eas consecutivo, caindo para 64,8 dias no tempo m\u00e9dio das contas. O comprometimento m\u00e9dio da renda das fam\u00edlias com o pagamento de parcelas permaneceu em 29,3%.<\/p>\n<p>Entre os consumidores endividados, 55,8% destinam entre 11% e 50% da renda mensal para quitar parcelas. J\u00e1 o percentual de fam\u00edlias com d\u00edvidas contratadas por prazos superiores a um ano permaneceu est\u00e1vel em 33,3%.<\/p>\n<p>Mesmo com a estabilidade observada em junho, a CNC projeta que o endividamento das fam\u00edlias brasileiras ainda dever\u00e1 registrar leve crescimento nos pr\u00f3ximos meses. A entidade atribui esse cen\u00e1rio ao atual n\u00edvel da taxa Selic, ao ritmo esperado para a redu\u00e7\u00e3o dos juros pelo Copom e \u00e0s incertezas econ\u00f4micas relacionadas ao pre\u00e7o do petr\u00f3leo e a outros fatores macroecon\u00f4micos.<\/p>\n<\/div>\n<p>\u00a0<\/p>","protected":false},"excerpt":{"rendered":"<p>O endividamento das fam\u00edlias brasileiras atingiu 81,6% em junho de acordo com dados divulgados nesta ter\u00e7a-feira (14) pela Confedera\u00e7\u00e3o Nacional&hellip;<\/p>\n","protected":false},"author":4,"featured_media":552670,"comment_status":"open","ping_status":"open","sticky":false,"template":"","format":"standard","meta":{"footnotes":""},"categories":[190],"tags":[],"class_list":["post-554996","post","type-post","status-publish","format-standard","has-post-thumbnail","hentry","category-economia"],"_links":{"self":[{"href":"https:\/\/villanews.com.br\/index.php?rest_route=\/wp\/v2\/posts\/554996","targetHints":{"allow":["GET"]}}],"collection":[{"href":"https:\/\/villanews.com.br\/index.php?rest_route=\/wp\/v2\/posts"}],"about":[{"href":"https:\/\/villanews.com.br\/index.php?rest_route=\/wp\/v2\/types\/post"}],"author":[{"embeddable":true,"href":"https:\/\/villanews.com.br\/index.php?rest_route=\/wp\/v2\/users\/4"}],"replies":[{"embeddable":true,"href":"https:\/\/villanews.com.br\/index.php?rest_route=%2Fwp%2Fv2%2Fcomments&post=554996"}],"version-history":[{"count":0,"href":"https:\/\/villanews.com.br\/index.php?rest_route=\/wp\/v2\/posts\/554996\/revisions"}],"wp:featuredmedia":[{"embeddable":true,"href":"https:\/\/villanews.com.br\/index.php?rest_route=\/wp\/v2\/media\/552670"}],"wp:attachment":[{"href":"https:\/\/villanews.com.br\/index.php?rest_route=%2Fwp%2Fv2%2Fmedia&parent=554996"}],"wp:term":[{"taxonomy":"category","embeddable":true,"href":"https:\/\/villanews.com.br\/index.php?rest_route=%2Fwp%2Fv2%2Fcategories&post=554996"},{"taxonomy":"post_tag","embeddable":true,"href":"https:\/\/villanews.com.br\/index.php?rest_route=%2Fwp%2Fv2%2Ftags&post=554996"}],"curies":[{"name":"wp","href":"https:\/\/api.w.org\/{rel}","templated":true}]}}