{"id":554773,"date":"2026-07-14T23:15:53","date_gmt":"2026-07-15T03:15:53","guid":{"rendered":"https:\/\/villanews.com.br\/?p=554773"},"modified":"2026-07-14T23:15:53","modified_gmt":"2026-07-15T03:15:53","slug":"nunes-marques-arquiva-acao-do-psol-contra-bolsonaro-sobre-cpi-da-covid","status":"publish","type":"post","link":"https:\/\/villanews.com.br\/?p=554773","title":{"rendered":"Nunes Marques arquiva a\u00e7\u00e3o do PSOL contra Bolsonaro sobre CPI da Covid"},"content":{"rendered":"<div class=\"postBody-module-scss-module__8_WGKG__postBodyContainer\">\n<p>O ministro Nunes Marques, do Supremo Tribunal Federal (STF), determinou nesta ter\u00e7a-feira (14) o arquivamento de uma not\u00edcia-crime apresentada por deputados do PSOL contra o ex-presidente <a href=\"https:\/\/www.gazetadopovo.com.br\/tudo-sobre\/jair-bolsonaro\/\">Jair Bolsonaro <\/a>(PL) por suposta interfer\u00eancia na Comiss\u00e3o Parlamentar de Inqu\u00e9rito (CPI) da Covid-19.<\/p>\n<p>A a\u00e7\u00e3o foi protocolada pelas deputadas Fernanda Melchionna (RS) e S\u00e2mia Bomfim (SP), pela ex-deputada e atual vereadora de Bel\u00e9m (PA), Viviane Reis, e pelo ex-deputado David Miranda, que morreu em 2023 ap\u00f3s enfrentar complica\u00e7\u00f5es causadas por uma infec\u00e7\u00e3o gastrointestinal.<\/p>\n<p>O grupo acusava o ex-presidente pelos supostos crimes de advocacia administrativa e corrup\u00e7\u00e3o ativa, com base em trechos de uma<a href=\"https:\/\/www.gazetadopovo.com.br\/republica\/breves\/em-ligacao-bolsonaro-e-senador-kajuru-abordam-impeachment-de-ministros-do-stf\/\"> conversa telef\u00f4nica<\/a> divulgada pelo senador Jorge Kajuru (PSB-GO) em abril de 2021.<\/p>\n<p>VEJA TAMB\u00c9M:<\/p>\n<p>Segundo os parlamentares, Bolsonaro teria pressionado o senador para alterar o escopo da CPI, visando incluir a investiga\u00e7\u00e3o de estados e munic\u00edpios, al\u00e9m de cobrar press\u00e3o sobre o STF para o andamento de pedidos de impeachment contra ministros da Corte.<\/p>\n<p>Eles apontaram que o di\u00e1logo evidenciava uma tentativa do Chefe do Executivo de interferir em investiga\u00e7\u00f5es de que era alvo. Em abril de 2021, a Procuradoria-Geral da Rep\u00fablica (PGR) defendeu o arquivamento da not\u00edcia-crime por \u201caus\u00eancia de conduta t\u00edpica a ser investigada\u201d.<\/p>\n<p>A PGR argumentou que o di\u00e1logo consistiu em uma &#8220;conversa informal e privada&#8221; entre o ent\u00e3o presidente e um parlamentar, onde foram trocadas opini\u00f5es pessoais e cr\u00edticas sobre os trabalhos da comiss\u00e3o.<\/p>\n<p>Nunes Marques acatou o entendimento da PGR. Ele destacou que \u201cn\u00e3o cabe ao Supremo, diante da promo\u00e7\u00e3o de arquivamento emanada do Chefe do Minist\u00e9rio P\u00fablico, exercer qualquer ju\u00edzo de valor que resulte no acolhimento do pedido\u201d.<\/p>\n<p>\u201cIsto porque a avalia\u00e7\u00e3o pr\u00e9via quanto \u00e0 exist\u00eancia de elementos suficientes \u00e0 instaura\u00e7\u00e3o da persecu\u00e7\u00e3o penal compete, por for\u00e7a do princ\u00edpio acusat\u00f3rio, exclusivamente, \u00e0 Procuradoria-Geral da Rep\u00fablica, n\u00e3o podendo ser transferida ao Poder Judici\u00e1rio\u201d, afirmou.<\/p>\n<p>VEJA TAMB\u00c9M:<\/p>\n<\/div>","protected":false},"excerpt":{"rendered":"<p>O ministro Nunes Marques, do Supremo Tribunal Federal (STF), determinou nesta ter\u00e7a-feira (14) o arquivamento de uma not\u00edcia-crime apresentada por&hellip;<\/p>\n","protected":false},"author":4,"featured_media":553984,"comment_status":"open","ping_status":"open","sticky":false,"template":"","format":"standard","meta":{"footnotes":""},"categories":[5],"tags":[],"class_list":["post-554773","post","type-post","status-publish","format-standard","has-post-thumbnail","hentry","category-politica"],"_links":{"self":[{"href":"https:\/\/villanews.com.br\/index.php?rest_route=\/wp\/v2\/posts\/554773","targetHints":{"allow":["GET"]}}],"collection":[{"href":"https:\/\/villanews.com.br\/index.php?rest_route=\/wp\/v2\/posts"}],"about":[{"href":"https:\/\/villanews.com.br\/index.php?rest_route=\/wp\/v2\/types\/post"}],"author":[{"embeddable":true,"href":"https:\/\/villanews.com.br\/index.php?rest_route=\/wp\/v2\/users\/4"}],"replies":[{"embeddable":true,"href":"https:\/\/villanews.com.br\/index.php?rest_route=%2Fwp%2Fv2%2Fcomments&post=554773"}],"version-history":[{"count":0,"href":"https:\/\/villanews.com.br\/index.php?rest_route=\/wp\/v2\/posts\/554773\/revisions"}],"wp:featuredmedia":[{"embeddable":true,"href":"https:\/\/villanews.com.br\/index.php?rest_route=\/wp\/v2\/media\/553984"}],"wp:attachment":[{"href":"https:\/\/villanews.com.br\/index.php?rest_route=%2Fwp%2Fv2%2Fmedia&parent=554773"}],"wp:term":[{"taxonomy":"category","embeddable":true,"href":"https:\/\/villanews.com.br\/index.php?rest_route=%2Fwp%2Fv2%2Fcategories&post=554773"},{"taxonomy":"post_tag","embeddable":true,"href":"https:\/\/villanews.com.br\/index.php?rest_route=%2Fwp%2Fv2%2Ftags&post=554773"}],"curies":[{"name":"wp","href":"https:\/\/api.w.org\/{rel}","templated":true}]}}