{"id":554097,"date":"2026-07-14T22:10:37","date_gmt":"2026-07-15T02:10:37","guid":{"rendered":"https:\/\/villanews.com.br\/?p=554097"},"modified":"2026-07-14T22:10:37","modified_gmt":"2026-07-15T02:10:37","slug":"apos-criticar-decisao-de-dino-motta-evita-embate-e-diz-que-camara-cumpre-a-lei-sobre-emendas","status":"publish","type":"post","link":"https:\/\/villanews.com.br\/?p=554097","title":{"rendered":"Ap\u00f3s criticar decis\u00e3o de Dino, Motta evita embate e diz que C\u00e2mara cumpre a lei sobre emendas"},"content":{"rendered":"<div class=\"postBody-module-scss-module__8_WGKG__postBodyContainer\">\n<p>O presidente da C\u00e2mara dos Deputados, Hugo Motta (Republicanos-PB), afirmou nesta ter\u00e7a-feira (14) que defender\u00e1 \u201caquilo que est\u00e1 sendo feito\u201d na execu\u00e7\u00e3o de emendas parlamentares ap\u00f3s as decis\u00f5es do do Supremo Tribunal Federal (STF) Fl\u00e1vio Dino.<\/p>\n<p>Na semana passada, Dino bloqueou <a href=\"https:\/\/www.gazetadopovo.com.br\/republica\/dino-suspeita-valdemar-direcionou-emendas-irregularmente\/\">R$ 119 milh\u00f5es<\/a> do presidente nacional do PL, Valdemar Costa Neto, e R$ 6 milh\u00f5es do ex-deputado federal Eduardo Cunha (Republicanos-RJ). A Pol\u00edcia Federal apontou que os dois teriam influenciado a destina\u00e7\u00e3o de recursos mesmo sem terem mandados.<\/p>\n<p>Motta classificou a decis\u00e3o contra Valdemar como uma <a href=\"https:\/\/www.gazetadopovo.com.br\/republica\/motta-reage-a-decisao-de-dino-sobre-valdemar-e-acusa-stf-de-intervencao-judicial\/\">&#8220;indevida interven\u00e7\u00e3o judicial&#8221;<\/a>. Em nota divulgada no s\u00e1bado (11), ele afirmou que a ordem de Dino \u201cn\u00e3o identifica desvio, abuso ou aplica\u00e7\u00e3o irregular de verbas p\u00fablicas\u201d e tenta \u201ccriminalizar a atividade pol\u00edtica\u201d.<\/p>\n<p>VEJA TAMB\u00c9M:<\/p>\n<p>Ap\u00f3s a sess\u00e3o desta tarde, o deputado mudou o tom e disse que a C\u00e2mara demonstrar\u00e1 que \u201cest\u00e1 cumprindo a lei\u201d em rela\u00e7\u00e3o \u00e0s emendas.<\/p>\n<p>\u201cN\u00f3s temos a convic\u00e7\u00e3o de que a C\u00e2mara est\u00e1 cumprindo a lei acerca da aplicabilidade, da execu\u00e7\u00e3o das emendas de comiss\u00e3o. E n\u00f3s vamos demonstrar isso dentro do processo, contando o devido processo legal e fazendo todos os esclarecimentos necess\u00e1rios\u201d, afirmou Motta a jornalistas.<\/p>\n<p>O deputado evitou comentar sobre a investiga\u00e7\u00e3o contra servidores da C\u00e2mara. As apura\u00e7\u00f5es contra Valdemar e Cunha s\u00e3o um desdobramento da Opera\u00e7\u00e3o Transpar\u00eancia, deflagrada pela PF em dezembro do ano passado para investigar ind\u00edcios de encaminhamentos irregulares de emendas.<\/p>\n<p>Na ocasi\u00e3o, um dos alvos foi a servidora <a href=\"https:\/\/www.gazetadopovo.com.br\/republica\/gabinete-lira-alvo-operacao-pf-suspeita-desvio-emendas\/\">Mari\u00e2ngela Fialek<\/a>, conhecida como Tuca, que atuou como assessora da presid\u00eancia da C\u00e2mara durante a gest\u00e3o de Arthur Lira (PP-AL).<\/p>\n<p>Mais cedo, Dino deu <a href=\"https:\/\/www.gazetadopovo.com.br\/republica\/dino-30-dias-comissoes-camara-senado-explicarem-emendas\/\">prazo de 30 dias<\/a> para que as comiss\u00f5es de Sa\u00fade da C\u00e2mara dos Deputados e do Senado expliquem as medidas adotadas para garantir transpar\u00eancia na execu\u00e7\u00e3o das emendas parlamentares.<\/p>\n<p>VEJA TAMB\u00c9M:<\/p>\n<\/div>","protected":false},"excerpt":{"rendered":"<p>O presidente da C\u00e2mara dos Deputados, Hugo Motta (Republicanos-PB), afirmou nesta ter\u00e7a-feira (14) que defender\u00e1 \u201caquilo que est\u00e1 sendo feito\u201d&hellip;<\/p>\n","protected":false},"author":4,"featured_media":553821,"comment_status":"open","ping_status":"open","sticky":false,"template":"","format":"standard","meta":{"footnotes":""},"categories":[204],"tags":[],"class_list":["post-554097","post","type-post","status-publish","format-standard","has-post-thumbnail","hentry","category-ultimas-noticias"],"_links":{"self":[{"href":"https:\/\/villanews.com.br\/index.php?rest_route=\/wp\/v2\/posts\/554097","targetHints":{"allow":["GET"]}}],"collection":[{"href":"https:\/\/villanews.com.br\/index.php?rest_route=\/wp\/v2\/posts"}],"about":[{"href":"https:\/\/villanews.com.br\/index.php?rest_route=\/wp\/v2\/types\/post"}],"author":[{"embeddable":true,"href":"https:\/\/villanews.com.br\/index.php?rest_route=\/wp\/v2\/users\/4"}],"replies":[{"embeddable":true,"href":"https:\/\/villanews.com.br\/index.php?rest_route=%2Fwp%2Fv2%2Fcomments&post=554097"}],"version-history":[{"count":0,"href":"https:\/\/villanews.com.br\/index.php?rest_route=\/wp\/v2\/posts\/554097\/revisions"}],"wp:featuredmedia":[{"embeddable":true,"href":"https:\/\/villanews.com.br\/index.php?rest_route=\/wp\/v2\/media\/553821"}],"wp:attachment":[{"href":"https:\/\/villanews.com.br\/index.php?rest_route=%2Fwp%2Fv2%2Fmedia&parent=554097"}],"wp:term":[{"taxonomy":"category","embeddable":true,"href":"https:\/\/villanews.com.br\/index.php?rest_route=%2Fwp%2Fv2%2Fcategories&post=554097"},{"taxonomy":"post_tag","embeddable":true,"href":"https:\/\/villanews.com.br\/index.php?rest_route=%2Fwp%2Fv2%2Ftags&post=554097"}],"curies":[{"name":"wp","href":"https:\/\/api.w.org\/{rel}","templated":true}]}}