{"id":553982,"date":"2026-07-14T21:35:32","date_gmt":"2026-07-15T01:35:32","guid":{"rendered":"https:\/\/villanews.com.br\/?p=553982"},"modified":"2026-07-14T21:35:32","modified_gmt":"2026-07-15T01:35:32","slug":"brasil-faz-ultimo-apelo-aos-eua-contra-tarifas-enquanto-lula-provoca-trump","status":"publish","type":"post","link":"https:\/\/villanews.com.br\/?p=553982","title":{"rendered":"Brasil faz \u00faltimo apelo aos EUA contra tarifas enquanto Lula provoca Trump"},"content":{"rendered":"<div class=\"postBody-module-scss-module__8_WGKG__postBodyContainer\">\n<p>Integrantes do Minist\u00e9rio do Desenvolvimento, Ind\u00fastria, Com\u00e9rcio e Servi\u00e7os (MDIC), do Minist\u00e9rio das Rela\u00e7\u00f5es Exteriores (MRE) e da assessoria especial da Presid\u00eancia da Rep\u00fablica se reuniram nesta ter\u00e7a-feira (14) com o Escrit\u00f3rio do Representante de Com\u00e9rcio dos Estados Unidos (USTR), em Washington, para tentar evitar a imposi\u00e7\u00e3o de novas tarifas sobre produtos brasileiros.\u00a0<\/p>\n<p>A reuni\u00e3o ocorreu na v\u00e9spera da decis\u00e3o do USTR sobre a poss\u00edvel aplica\u00e7\u00e3o de uma tarifa adicional de 25% sobre produtos brasileiros, no \u00e2mbito da investiga\u00e7\u00e3o aberta com base na Se\u00e7\u00e3o 301 da legisla\u00e7\u00e3o comercial americana.\u00a0<\/p>\n<p>Esta foi a quinta reuni\u00e3o entre equipes dos dois pa\u00edses para discutir o tema desde 7 de maio, quando os presidentes Lula e Donald Trump decidiram criar um grupo de trabalho voltado ao di\u00e1logo comercial.\u00a0<\/p>\n<p>\u201cNa reuni\u00e3o de hoje, foi reiterado o car\u00e1ter injusto da aplica\u00e7\u00e3o das recomenda\u00e7\u00f5es j\u00e1 divulgadas, seja a resultante da Se\u00e7\u00e3o 301 espec\u00edfica para o Brasil, de sobretaxas de 25%, seja a de 12,5% (Se\u00e7\u00e3o 301 \u2013 trabalho for\u00e7ado) aplic\u00e1vel a outras 59 economias. Como j\u00e1 demonstrado pelo governo brasileiro, nenhuma das raz\u00f5es apontadas na Se\u00e7\u00e3o 301 justificam a aplica\u00e7\u00e3o das tarifas recomendadas\u201d, afirmou o MDIC em nota oficial.<\/p>\n<h2>Tarifa\u00e7o<\/h2>\n<p>Em junho, ap\u00f3s concluir uma investiga\u00e7\u00e3o conduzida com base na Se\u00e7\u00e3o 301 da Lei de Com\u00e9rcio de 1974, o USTR classificou como &#8220;irracionais&#8221; ou &#8220;discriminat\u00f3rias&#8221; diversas pol\u00edticas e pr\u00e1ticas adotadas pelo Brasil e concluiu que elas imp\u00f5em barreiras ou restringem o com\u00e9rcio americano. O presidente Donald Trump determinou a abertura da investiga\u00e7\u00e3o em julho de 2025.<\/p>\n<p>Um dos principais alvos da investiga\u00e7\u00e3o \u00e9 o Pix. Segundo o USTR, o Banco Central exerce simultaneamente as fun\u00e7\u00f5es de regulador e operador do sistema de pagamentos instant\u00e2neos, o que poderia favorecer uma plataforma p\u00fablica em detrimento de empresas privadas \u2014 inclusive companhias americanas que oferecem servi\u00e7os de pagamento digital.<\/p>\n<p>O relat\u00f3rio tamb\u00e9m critica as tarifas preferenciais concedidas pelo Brasil a produtos importados do M\u00e9xico e da \u00cdndia, aponta falhas no combate \u00e0 corrup\u00e7\u00e3o, na prote\u00e7\u00e3o \u00e0 propriedade intelectual e na abertura do mercado brasileiro ao etanol americano.<\/p>\n<p>Al\u00e9m disso, afirma que o pa\u00eds n\u00e3o aplica de forma efetiva sua legisla\u00e7\u00e3o para conter o desmatamento ilegal, o que, na avalia\u00e7\u00e3o do governo americano, prejudica a competitividade de empresas dos EUA.<\/p>\n<p>O governo americano tamb\u00e9m questiona decis\u00f5es da Justi\u00e7a brasileira envolvendo plataformas digitais.<\/p>\n<p>De acordo com o relat\u00f3rio, autoridades judiciais emitiram ordens sigilosas para remover conte\u00fados, suspender perfis e impor restri\u00e7\u00f5es a empresas de tecnologia, medidas que, na avalia\u00e7\u00e3o do USTR, podem afetar a atua\u00e7\u00e3o de companhias americanas no pa\u00eds e restringir o com\u00e9rcio digital.<\/p>\n<p>Al\u00e9m da investiga\u00e7\u00e3o espec\u00edfica sobre o Brasil, o USTR abriu uma frente de apura\u00e7\u00e3o sobre o combate ao trabalho for\u00e7ado em 59 economias.<\/p>\n<p>Nesse processo separado, o \u00f3rg\u00e3o americano questionou a efetividade das medidas adotadas pelo Brasil para impedir a entrada de produtos produzidos com trabalho for\u00e7ado nas cadeias de com\u00e9rcio internacional.<\/p>\n<h2>Lula insiste em cr\u00edticas e provoca\u00e7\u00f5es a Trump\u00a0<\/h2>\n<p>Enquanto equipes do governo buscam dialogar com os EUA para evitar o tarifa\u00e7o, Lula tem mantido um discurso de confronto e ironias dirigidas ao presidente Donald Trump.<\/p>\n<p>Durante um encontro com l\u00edderes do setor automotivo nesta ter\u00e7a-feira (14), Lula afirmou que &#8220;nem a dentadura&#8221; de Trump teria a mesma qualidade das pr\u00f3teses dent\u00e1rias oferecidas pelo Sistema \u00danico de Sa\u00fade (SUS). Ao defender o programa Brasil Sorridente, o petista destacou o uso de equipamentos para escaneamento da arcada dent\u00e1ria e produ\u00e7\u00e3o de pr\u00f3teses na rede p\u00fablica.<\/p>\n<p>Na segunda-feira (13), ao cumprir agenda oficial em S\u00e3o Paulo, Lula acusou Trump de &#8220;pirataria&#8221; por conta da decis\u00e3o de <a href=\"https:\/\/www.gazetadopovo.com.br\/mundo\/trump-diz-eua-serao-guardioes-ormuz-cobrarao-taxa\/\">assumir o controle do Estreito de Hormuz<\/a>, no Ir\u00e3, e cobrar uma taxa de 20% sobre as cargas transportadas por embarca\u00e7\u00f5es que cruzarem a regi\u00e3o.<\/p>\n<p>Nas \u00faltimas semanas, Lula tamb\u00e9m afirmou que Trump age como um &#8220;imperador&#8221; nas rela\u00e7\u00f5es internacionais e classificou como uma &#8220;coisa desaforada&#8221; a proposta de sobretaxar produtos brasileiros enquanto as negocia\u00e7\u00f5es comerciais ainda estavam em andamento.<\/p>\n<p>Em outro momento, o petista declarou que, diante do super\u00e1vit comercial acumulado pelos EUA na rela\u00e7\u00e3o bilateral, &#8220;quem tinha que aumentar a taxa ser\u00edamos n\u00f3s, n\u00e3o eles&#8221;.<\/p>\n<p>Lula tamb\u00e9m acusou a fam\u00edlia Bolsonaro de &#8220;entreguismo&#8221; por manter interlocu\u00e7\u00e3o com autoridades americanas durante a investiga\u00e7\u00e3o comercial e afirmou que o Brasil &#8220;n\u00e3o est\u00e1 \u00e0 venda&#8221;.<\/p>\n<p>VEJA TAMB\u00c9M:<\/p>\n<\/div>","protected":false},"excerpt":{"rendered":"<p>Integrantes do Minist\u00e9rio do Desenvolvimento, Ind\u00fastria, Com\u00e9rcio e Servi\u00e7os (MDIC), do Minist\u00e9rio das Rela\u00e7\u00f5es Exteriores (MRE) e da assessoria especial&hellip;<\/p>\n","protected":false},"author":4,"featured_media":553737,"comment_status":"open","ping_status":"open","sticky":false,"template":"","format":"standard","meta":{"footnotes":""},"categories":[5],"tags":[],"class_list":["post-553982","post","type-post","status-publish","format-standard","has-post-thumbnail","hentry","category-politica"],"_links":{"self":[{"href":"https:\/\/villanews.com.br\/index.php?rest_route=\/wp\/v2\/posts\/553982","targetHints":{"allow":["GET"]}}],"collection":[{"href":"https:\/\/villanews.com.br\/index.php?rest_route=\/wp\/v2\/posts"}],"about":[{"href":"https:\/\/villanews.com.br\/index.php?rest_route=\/wp\/v2\/types\/post"}],"author":[{"embeddable":true,"href":"https:\/\/villanews.com.br\/index.php?rest_route=\/wp\/v2\/users\/4"}],"replies":[{"embeddable":true,"href":"https:\/\/villanews.com.br\/index.php?rest_route=%2Fwp%2Fv2%2Fcomments&post=553982"}],"version-history":[{"count":0,"href":"https:\/\/villanews.com.br\/index.php?rest_route=\/wp\/v2\/posts\/553982\/revisions"}],"wp:featuredmedia":[{"embeddable":true,"href":"https:\/\/villanews.com.br\/index.php?rest_route=\/wp\/v2\/media\/553737"}],"wp:attachment":[{"href":"https:\/\/villanews.com.br\/index.php?rest_route=%2Fwp%2Fv2%2Fmedia&parent=553982"}],"wp:term":[{"taxonomy":"category","embeddable":true,"href":"https:\/\/villanews.com.br\/index.php?rest_route=%2Fwp%2Fv2%2Fcategories&post=553982"},{"taxonomy":"post_tag","embeddable":true,"href":"https:\/\/villanews.com.br\/index.php?rest_route=%2Fwp%2Fv2%2Ftags&post=553982"}],"curies":[{"name":"wp","href":"https:\/\/api.w.org\/{rel}","templated":true}]}}