{"id":553938,"date":"2026-07-14T21:25:01","date_gmt":"2026-07-15T01:25:01","guid":{"rendered":"https:\/\/villanews.com.br\/?p=553938"},"modified":"2026-07-14T21:25:01","modified_gmt":"2026-07-15T01:25:01","slug":"palmeiras-encaminha-venda-de-naves-para-o-necaxa-do-mexico","status":"publish","type":"post","link":"https:\/\/villanews.com.br\/?p=553938","title":{"rendered":"Palmeiras encaminha venda de Naves para o Necaxa, do M\u00e9xico"},"content":{"rendered":"<article class=\"mb-12\">\n<div>\n<h2>O zagueiro vai assinar contrato por quatro anos com o clube mexicano, por\u00e9m os valores do acordo n\u00e3o foram revelados<\/h2>\n<\/div>\n<p><img decoding=\"async\" src=\"https:\/\/media-manager.noticiasaominuto.com.br\/960\/naom_6a56b74dd2ec8.webp?crop_params=eyJsYW5kc2NhcGUiOnsiY3JvcFdpZHRoIjoyMDAxLCJjcm9wSGVpZ2h0IjoxMTI2LCJjcm9wWCI6MCwiY3JvcFkiOjEyMH19\" \/><\/p>\n<p>\u00a9 Getty Images<\/p>\n<p><img decoding=\"async\" src=\"https:\/\/noticiasaominutobr-img.com\/team\/naom.png\" \/><\/p>\n<p><span><br \/>\n                    14\/07\/2026 22:25 \u2027<br \/>\n                    h\u00e1 1 hora<br \/>\n                    por Folhapress<br \/>\n                <\/span><\/p>\n<p>\n                        Esporte\n                    <\/p>\n<p>\n<a href=\"https:\/\/www.noticiasaominuto.com.br\/esporte\/tag\/futebol\"><br \/>\n                                Futebol<br \/>\n                            <\/a>\n<\/p>\n<div class=\"article-content mb-24 font-slab text-paragraph font-light\">\n<p><span>S<\/span>\u00c3O PAULO, SP E BUENOS AIRES, ARGENTINA (UOL\/FOLHAPRESS) &#8211; O Palmeiras encaminhou a venda do zagueiro Kaiky Naves para o Necaxa, do M\u00e9xico.<\/p>\n<p>                                                                    \u00a0<\/p>\n<p>A reportagem apurou que o zagueiro vai assinar contrato por quatro anos com o clube mexicano. Os valores do acordo n\u00e3o foram revelados.<\/p>\n<p>O jogador de 24 anos teria pouco espa\u00e7o no elenco do Palmeiras. Abel Ferreira tem \u00e0 disposi\u00e7\u00e3o Gustavo G\u00f3mez, Murilo, Barboza e Bruno Fuchs (al\u00e9m de Benedetti e Kon\u00e9, que fazem parte do grupo de apoio da base ao profissional)<\/p>\n<p>Naves disputou a \u00faltima temporada no Alverca, de Portugal, e foi titular absoluto da equipe: 34 jogos disputados na temporada, e todos eles como titular, al\u00e9m de tr\u00eas gols marcados. O Alverca terminou o Campeonato Portugu\u00eas na 11\u00aa posi\u00e7\u00e3o com 39 pontos e n\u00e3o correu riscos de rebaixamento.<\/p>\n<p>Leia Tamb\u00e9m: <a href=\"https:\/\/www.noticiasaominuto.com.br\/esporte\/2397538\/espanha-arrasa-a-franca-e-segue-para-a-final-da-copa-do-mundo\">Espanha arrasa a Fran\u00e7a e segue para a final da Copa do Mundo<\/a><\/p>\n<\/div>\n<p><a href=\"https:\/\/www.google.com\/preferences\/source?q=noticiasaominuto.com.br\"><\/a><\/p>\n<p><strong>Escolha o Not\u00edcias ao Minuto como fonte preferida no Google<\/strong><br \/>\n<span><br \/>\n        Receba as nossas not\u00edcias com mais destaque sempre que pesquisar no Google.<br \/>\n    <\/span> <\/p><\/article>","protected":false},"excerpt":{"rendered":"<p>O zagueiro vai assinar contrato por quatro anos com o clube mexicano, por\u00e9m os valores do acordo n\u00e3o foram revelados&hellip;<\/p>\n","protected":false},"author":4,"featured_media":553939,"comment_status":"open","ping_status":"open","sticky":false,"template":"","format":"standard","meta":{"footnotes":""},"categories":[6],"tags":[],"class_list":["post-553938","post","type-post","status-publish","format-standard","has-post-thumbnail","hentry","category-esportes"],"_links":{"self":[{"href":"https:\/\/villanews.com.br\/index.php?rest_route=\/wp\/v2\/posts\/553938","targetHints":{"allow":["GET"]}}],"collection":[{"href":"https:\/\/villanews.com.br\/index.php?rest_route=\/wp\/v2\/posts"}],"about":[{"href":"https:\/\/villanews.com.br\/index.php?rest_route=\/wp\/v2\/types\/post"}],"author":[{"embeddable":true,"href":"https:\/\/villanews.com.br\/index.php?rest_route=\/wp\/v2\/users\/4"}],"replies":[{"embeddable":true,"href":"https:\/\/villanews.com.br\/index.php?rest_route=%2Fwp%2Fv2%2Fcomments&post=553938"}],"version-history":[{"count":0,"href":"https:\/\/villanews.com.br\/index.php?rest_route=\/wp\/v2\/posts\/553938\/revisions"}],"wp:featuredmedia":[{"embeddable":true,"href":"https:\/\/villanews.com.br\/index.php?rest_route=\/wp\/v2\/media\/553939"}],"wp:attachment":[{"href":"https:\/\/villanews.com.br\/index.php?rest_route=%2Fwp%2Fv2%2Fmedia&parent=553938"}],"wp:term":[{"taxonomy":"category","embeddable":true,"href":"https:\/\/villanews.com.br\/index.php?rest_route=%2Fwp%2Fv2%2Fcategories&post=553938"},{"taxonomy":"post_tag","embeddable":true,"href":"https:\/\/villanews.com.br\/index.php?rest_route=%2Fwp%2Fv2%2Ftags&post=553938"}],"curies":[{"name":"wp","href":"https:\/\/api.w.org\/{rel}","templated":true}]}}