{"id":553629,"date":"2026-07-14T19:36:01","date_gmt":"2026-07-14T23:36:01","guid":{"rendered":"https:\/\/villanews.com.br\/?p=553629"},"modified":"2026-07-14T19:36:01","modified_gmt":"2026-07-14T23:36:01","slug":"conmebol-decide-nao-utilizar-lei-vini-jr-em-suas-competicoes","status":"publish","type":"post","link":"https:\/\/villanews.com.br\/?p=553629","title":{"rendered":"Conmebol decide n\u00e3o utilizar lei Vini Jr. em suas competi\u00e7\u00f5es"},"content":{"rendered":"<article class=\"mb-12\">\n<h2>Jogadores que cobrirem a boca para se comunicarem com advers\u00e1rios n\u00e3o ser\u00e3o punidos com cart\u00e3o vermelho na Libertadores e na Sul-Americana<\/h2>\n<p><img decoding=\"async\" src=\"https:\/\/media-manager.noticiasaominuto.com.br\/960\/naom_65fae36901cdd.webp\" \/><\/p>\n<p>\u00a9 Shutterstock<\/p>\n<p><img decoding=\"async\" src=\"https:\/\/noticiasaominutobr-img.com\/team\/naom.png\" \/><\/p>\n<p><span><br \/>\n                    14\/07\/2026 20:36 \u2027<br \/>\n                    h\u00e1 1 hora<br \/>\n                    por Folhapress<br \/>\n                <\/span><\/p>\n<p>\n                        Esporte\n                    <\/p>\n<p>\n<a href=\"https:\/\/www.noticiasaominuto.com.br\/esporte\/tag\/futebol\"><br \/>\n                                Futebol<br \/>\n                            <\/a>\n<\/p>\n<div class=\"article-content mb-24 font-slab text-paragraph font-light\">\n<p><span>S<\/span>\u00c3O PAULO, SP (UOL\/FOLHAPRESS) &#8211; A Conmebol anunciou nesta ter\u00e7a-feira (14) que n\u00e3o utilizar\u00e1 a lei Vini Jr., que determina a expuls\u00e3o do jogador que cobrir a boca ao provocar um advers\u00e1rio.<\/p>\n<p>                                                                    \u00a0<\/p>\n<p>A entidade sul-americana informou que acatar\u00e1, ap\u00f3s a pausa para a Copa do Mundo, as novas regras da IFAB. A Sul-Americana volta no dia 21 de julho, com os jogos de ida do playoff, enquanto as oitavas da Libertadores iniciam em 11 de agosto.<\/p>\n<p>A lei Vini Jr., por\u00e9m, n\u00e3o ser\u00e1 contemplada. Mais cedo, a Uefa tamb\u00e9m optou por n\u00e3o utiliz\u00e1-la nas competi\u00e7\u00f5es europeias.<\/p>\n<p>&#8220;A Conmebol decidiu n\u00e3o implementar a disposi\u00e7\u00e3o opcional prevista pela IFAB que contempla a expuls\u00e3o de jogadores que cobrem a boca ao se comunicarem com um advers\u00e1rio durante uma partida&#8221;, afirma a Conmebol, em comunicado divulgado em seu site.<\/p>\n<p>Regra foi criada em abril, em resposta a caso que ocorreu com Vini na Champions. Em fevereiro deste ano, o atacante brasileiro do Real Madrid acusou o argentino Gianluca Prestianni, do Benfica, de racismo. O jogador advers\u00e1rio tampou a boca na hora de falar, o que dificultou a leitura labial e a conclus\u00e3o sobre o que de fato ele havia dito. Por isso, a IFAB -\u00f3rg\u00e3o que regulamenta as regras do futebol- determinou que o jogador que cobrir a boca ao provocar um advers\u00e1rio deve ser diretamente expulso.<\/p>\n<p>Lei foi usada na Copa duas vezes. As novas regras do futebol entraram em vigor na Copa do Mundo, e essa \u00e9 uma delas. A sua primeira utiliza\u00e7\u00e3o foi em Paraguai 1 x 0 Turquia, quando Almir\u00f3n falou com um jogador turco tapando a boca e foi expulso pouco antes do intervalo. A segunda foi no mata-mata entre M\u00e9xico x Equador, com a expuls\u00e3o de Hincapi\u00e9.<\/p>\n<p>Regra n\u00e3o se aplica a qualquer fala com a boca tampada. No jogo entre Inglaterra x Gana, por exemplo, Bellingham tapou a boca para falar com Jordan Ayew, mas o lance nem chegou a ser verificado pelo VAR, j\u00e1 que n\u00e3o se tratava de provoca\u00e7\u00e3o ou ato discriminat\u00f3rio.<\/p>\n<p>Presidente da Fifa defendeu expuls\u00e3o em casos de provoca\u00e7\u00f5es. Ainda em mar\u00e7o, antes da formula\u00e7\u00e3o da &#8220;Lei Vini Jr.&#8221;, Gianni Infantino disse em entrevista \u00e0 Sky News que, se um jogador tampa a boca para cometer atos discriminat\u00f3rios, ele deve ser expulso. &#8220;Se um jogador cobre a boca e diz algo racista, ent\u00e3o ele tem de, obviamente, ser expulso.&#8221;<\/p>\n<p>Leia Tamb\u00e9m: <a href=\"https:\/\/www.noticiasaominuto.com.br\/esporte\/2397538\/espanha-arrasa-a-franca-e-segue-para-a-final-da-copa-do-mundo\">Espanha arrasa a Fran\u00e7a e segue para a final da Copa do Mundo<\/a><\/p>\n<\/div>\n<p><a href=\"https:\/\/www.google.com\/preferences\/source?q=noticiasaominuto.com.br\"><\/a><\/p>\n<p><strong>Escolha o Not\u00edcias ao Minuto como fonte preferida no Google<\/strong><br \/>\n<span><br \/>\n        Receba as nossas not\u00edcias com mais destaque sempre que pesquisar no Google.<br \/>\n    <\/span> <\/p><\/article>","protected":false},"excerpt":{"rendered":"<p>Jogadores que cobrirem a boca para se comunicarem com advers\u00e1rios n\u00e3o ser\u00e3o punidos com cart\u00e3o vermelho na Libertadores e na&hellip;<\/p>\n","protected":false},"author":4,"featured_media":553630,"comment_status":"open","ping_status":"open","sticky":false,"template":"","format":"standard","meta":{"footnotes":""},"categories":[6],"tags":[],"class_list":["post-553629","post","type-post","status-publish","format-standard","has-post-thumbnail","hentry","category-esportes"],"_links":{"self":[{"href":"https:\/\/villanews.com.br\/index.php?rest_route=\/wp\/v2\/posts\/553629","targetHints":{"allow":["GET"]}}],"collection":[{"href":"https:\/\/villanews.com.br\/index.php?rest_route=\/wp\/v2\/posts"}],"about":[{"href":"https:\/\/villanews.com.br\/index.php?rest_route=\/wp\/v2\/types\/post"}],"author":[{"embeddable":true,"href":"https:\/\/villanews.com.br\/index.php?rest_route=\/wp\/v2\/users\/4"}],"replies":[{"embeddable":true,"href":"https:\/\/villanews.com.br\/index.php?rest_route=%2Fwp%2Fv2%2Fcomments&post=553629"}],"version-history":[{"count":0,"href":"https:\/\/villanews.com.br\/index.php?rest_route=\/wp\/v2\/posts\/553629\/revisions"}],"wp:featuredmedia":[{"embeddable":true,"href":"https:\/\/villanews.com.br\/index.php?rest_route=\/wp\/v2\/media\/553630"}],"wp:attachment":[{"href":"https:\/\/villanews.com.br\/index.php?rest_route=%2Fwp%2Fv2%2Fmedia&parent=553629"}],"wp:term":[{"taxonomy":"category","embeddable":true,"href":"https:\/\/villanews.com.br\/index.php?rest_route=%2Fwp%2Fv2%2Fcategories&post=553629"},{"taxonomy":"post_tag","embeddable":true,"href":"https:\/\/villanews.com.br\/index.php?rest_route=%2Fwp%2Fv2%2Ftags&post=553629"}],"curies":[{"name":"wp","href":"https:\/\/api.w.org\/{rel}","templated":true}]}}