{"id":553038,"date":"2026-07-14T15:36:05","date_gmt":"2026-07-14T19:36:05","guid":{"rendered":"https:\/\/villanews.com.br\/?p=553038"},"modified":"2026-07-14T15:36:05","modified_gmt":"2026-07-14T19:36:05","slug":"quem-sao-as-joias-da-nova-geracao-preparadas-por-abel-no-palmeiras","status":"publish","type":"post","link":"https:\/\/villanews.com.br\/?p=553038","title":{"rendered":"Quem s\u00e3o as joias da nova gera\u00e7\u00e3o preparadas por Abel no Palmeiras"},"content":{"rendered":"<article class=\"mb-12\">\n<h2>Durante a intertemporada da Copa do Mundo, o Palmeiras aproveitou os desfalques para integrar jovens talentos da base ao elenco profissional<\/h2>\n<p><img decoding=\"async\" src=\"https:\/\/media-manager.noticiasaominuto.com.br\/960\/naom_6a0584dc5e8b5.webp\" \/><\/p>\n<p>\u00a9 Getty<\/p>\n<p><img decoding=\"async\" src=\"https:\/\/noticiasaominutobr-img.com\/team\/naom.png\" \/><\/p>\n<p><span><br \/>\n                    14\/07\/2026 16:36 \u2027<br \/>\n                    h\u00e1 1 hora<br \/>\n                    por Folhapress<br \/>\n                <\/span><\/p>\n<p>\n                        Esporte\n                    <\/p>\n<p>\n<a href=\"https:\/\/www.noticiasaominuto.com.br\/fama\/tag\/bastidores\"><br \/>\n                                Bastidores<br \/>\n                            <\/a>\n<\/p>\n<div class=\"article-content mb-24 font-slab text-paragraph font-light\">\n<p><span>S<\/span>\u00c3O PAULO, SP (UOL\/FOLHAPRESS) &#8211; A comiss\u00e3o t\u00e9cnica do Palmeiras aproveitou a intertemporada durante a Copa do Mundo e os desfalques provocados pelo torneio para preparar uma nova gera\u00e7\u00e3o de jogadores da base.<\/p>\n<p>                                                                    \u00a0<\/p>\n<p>Os jovens j\u00e1 vinham se destacando no sub-20, participaram de atividades com o elenco profissional e devem integrar o n\u00facleo de apoio ao time principal no segundo semestre.<\/p>\n<h3>SAIBA QUEM S\u00c3O ELES<\/h3>\n<p><span>HEITTOR<\/span><\/p>\n<p>O atacante de 18 anos \u00e9 um dos destaques do time sub-20 desde a temporada passada: em 2025 foram 10 gols e duas assist\u00eancias em 35 jogos, e neste ano s\u00e3o 12 gols em 18 jogos.<\/p>\n<p>Heittor marcou um dos gols do Palmeiras na vit\u00f3ria por 3 a 1 contra o Juventus, no \u00faltimo s\u00e1bado (11), na Academia de Futebol. A ascens\u00e3o do jovem fez o Palmeiras colocar Luighi na lista de transfer\u00eancias.<\/p>\n<p>O Grupo City acompanha a evolu\u00e7\u00e3o do jogador de perto, mas at\u00e9 o momento s\u00f3 fez uma sondagem ao Alviverde.<\/p>\n<p><span>EDU CONCEI\u00c7\u00c3O<\/span><\/p>\n<p>O atacante de 16 anos j\u00e1 est\u00e1 sendo testado entre os profissionais do Palmeiras. Edu foi o \u00fanico nascido em 2009 no elenco alviverde que disputou a Copinha e \u00e9 visto como um dos grandes nomes dessa gera\u00e7\u00e3o que est\u00e1 chegando. Ele pode jogar no time sub-20 e sub-17.<\/p>\n<p>Eduardo chama a aten\u00e7\u00e3o pela facilidade de conseguir driblar os advers\u00e1rios. Quem acompanha o dia a dia da base do clube v\u00ea muitas similaridades do jogo do garoto com o de Vinicius Junior, do Real Madrid, pela velocidade e facilidade no um contra um.<\/p>\n<p><span>VICTOR GABRIEL<\/span><\/p>\n<p>O meia-atacante de 19 anos \u00e9 o artilheiro do sub-20 do Palmeiras na temporada com 16 gols e 3 assist\u00eancias em 27 jogos.<\/p>\n<p>Ele chegou ao Palmeiras no ano passado ap\u00f3s se destacar na base do Gr\u00eamio Novorizontino.<\/p>\n<p><span>FELIPE TERESA<\/span><\/p>\n<p>O atacante de 20 anos foi dispensado da base do Flamengo por quest\u00f5es disciplinares no ano passado, e semanas depois fechou com o Alviverde.<\/p>\n<p>Felipe Teresa \u00e9 um dos artilheiros do sub-20 do Palmeiras em 2026 com 14 gols em 26 jogos. O jogador tamb\u00e9m se destaca pelas cobran\u00e7as de falta.<\/p>\n<p><span>RAFAEL COUTINHO<\/span><\/p>\n<p>O meio-campista de 20 anos vive situa\u00e7\u00e3o similar a de Arthur, lateral-esquerdo que ganhou chance nesta temporada. Coutinho est\u00e1 no terceiro ano de time sub-20 e \u00e9 uma das refer\u00eancias da equipe.<\/p>\n<p>Ele atuou na base como camisa 5, 8 e 10. O jovem chama a aten\u00e7\u00e3o por ser um atleta muito vers\u00e1til, o que agrada a comiss\u00e3o t\u00e9cnica de Abel Ferreira.<\/p>\n<p><span>JO\u00c3O GABRIEL<\/span><\/p>\n<p>O jogador de 18 anos \u00e9 um atacante de origem, mas foi testado como lateral direito na comiss\u00e3o t\u00e9cnica. Ele disputou alguns minutos na vaga de Giay no jogo-treino contra o Juventus.<\/p>\n<p>Leia Tamb\u00e9m: <a href=\"https:\/\/www.noticiasaominuto.com.br\/esporte\/2397440\/lamine-yamal-faz-declaracao-a-namorada-antes-de-semifinal-da-copa-do-mundo\">Lamine Yamal faz declara\u00e7\u00e3o \u00e0 namorada antes de semifinal da Copa do Mundo<\/a><\/p>\n<\/div>\n<p><a href=\"https:\/\/www.google.com\/preferences\/source?q=noticiasaominuto.com.br\"><\/a><\/p>\n<p><strong>Escolha o Not\u00edcias ao Minuto como fonte preferida no Google<\/strong><br \/>\n<span><br \/>\n        Receba as nossas not\u00edcias com mais destaque sempre que pesquisar no Google.<br \/>\n    <\/span> <\/p><\/article>","protected":false},"excerpt":{"rendered":"<p>Durante a intertemporada da Copa do Mundo, o Palmeiras aproveitou os desfalques para integrar jovens talentos da base ao elenco&hellip;<\/p>\n","protected":false},"author":4,"featured_media":553040,"comment_status":"open","ping_status":"open","sticky":false,"template":"","format":"standard","meta":{"footnotes":""},"categories":[6],"tags":[],"class_list":["post-553038","post","type-post","status-publish","format-standard","has-post-thumbnail","hentry","category-esportes"],"_links":{"self":[{"href":"https:\/\/villanews.com.br\/index.php?rest_route=\/wp\/v2\/posts\/553038","targetHints":{"allow":["GET"]}}],"collection":[{"href":"https:\/\/villanews.com.br\/index.php?rest_route=\/wp\/v2\/posts"}],"about":[{"href":"https:\/\/villanews.com.br\/index.php?rest_route=\/wp\/v2\/types\/post"}],"author":[{"embeddable":true,"href":"https:\/\/villanews.com.br\/index.php?rest_route=\/wp\/v2\/users\/4"}],"replies":[{"embeddable":true,"href":"https:\/\/villanews.com.br\/index.php?rest_route=%2Fwp%2Fv2%2Fcomments&post=553038"}],"version-history":[{"count":0,"href":"https:\/\/villanews.com.br\/index.php?rest_route=\/wp\/v2\/posts\/553038\/revisions"}],"wp:featuredmedia":[{"embeddable":true,"href":"https:\/\/villanews.com.br\/index.php?rest_route=\/wp\/v2\/media\/553040"}],"wp:attachment":[{"href":"https:\/\/villanews.com.br\/index.php?rest_route=%2Fwp%2Fv2%2Fmedia&parent=553038"}],"wp:term":[{"taxonomy":"category","embeddable":true,"href":"https:\/\/villanews.com.br\/index.php?rest_route=%2Fwp%2Fv2%2Fcategories&post=553038"},{"taxonomy":"post_tag","embeddable":true,"href":"https:\/\/villanews.com.br\/index.php?rest_route=%2Fwp%2Fv2%2Ftags&post=553038"}],"curies":[{"name":"wp","href":"https:\/\/api.w.org\/{rel}","templated":true}]}}