{"id":553020,"date":"2026-07-14T15:15:06","date_gmt":"2026-07-14T19:15:06","guid":{"rendered":"https:\/\/villanews.com.br\/?p=553020"},"modified":"2026-07-14T15:15:06","modified_gmt":"2026-07-14T19:15:06","slug":"janones-prega-exterminio-do-bolsonarismo-e-fala-em-matar-ou-morrer","status":"publish","type":"post","link":"https:\/\/villanews.com.br\/?p=553020","title":{"rendered":"Janones prega \u201cexterm\u00ednio do bolsonarismo\u201d e fala em \u201cmatar ou morrer\u201d"},"content":{"rendered":"<div class=\"postBody-module-scss-module__8_WGKG__postBodyContainer\">\n<p>Em publica\u00e7\u00e3o nas redes sociais, o deputado federal Andr\u00e9 Janones (Rede-MG) afirmou que a &#8220;meta&#8221; da esquerda n\u00e3o \u00e9 apenas reeleger o presidente Luiz In\u00e1cio Lula da Silva (PT), mas promover &#8220;a dizima\u00e7\u00e3o e o exterm\u00ednio completo do bolsonarismo da face da Terra&#8221;. Segundo o parlamentar, a vit\u00f3ria de Lula nas elei\u00e7\u00f5es seria o instrumento para alcan\u00e7ar esse objetivo pol\u00edtico.\u00a0<\/p>\n<p>&#8220;Vaidade? Prepot\u00eancia? N\u00e3o. Apenas uma necessidade do momento. Vencer com uma margem pequena de votos manteria o bolsonarismo vivo por, no m\u00ednimo, mais quatro anos. J\u00e1 uma vit\u00f3ria acachapante seria uma esp\u00e9cie de &#8216;tira-teima&#8217; de 2022 e representaria uma vit\u00f3ria definitiva da democracia brasileira sobre o fascismo e o neonazismo&#8221;, escreveu Janones <a href=\"https:\/\/x.com\/AndreJanonesMG\/status\/2077065296611815662\">no X<\/a>, nesta ter\u00e7a-feira (14).\u00a0<\/p>\n<p>Em outro trecho, o deputado afirmou que, ap\u00f3s uma eventual vit\u00f3ria ampla de Lula, a polariza\u00e7\u00e3o poderia dar lugar a disputas como &#8220;Lula x Serra&#8221;, &#8220;Lula x Alckmin&#8221; e &#8220;Dilma x A\u00e9cio&#8221;.<\/p>\n<p>A declara\u00e7\u00e3o de Janones faz refer\u00eancia a uma din\u00e2mica que remete ao chamado &#8220;teatro das tesouras&#8221;, uma met\u00e1fora pol\u00edtica para descrever uma falsa oposi\u00e7\u00e3o entre dois campos ideol\u00f3gicos que, na verdade, trabalham juntos para manter o <em>status quo.<\/em>\u00a0<\/p>\n<p>&#8220;Daqui a pouco \u00e9 hora de arrega\u00e7ar as mangas e irmos em busca de cumprir essa miss\u00e3o, a qualquer custo! Eu estou pronto para matar ou morrer!&#8221;, concluiu Janones.\u00a0<\/p>\n<h2>Discurso cada vez mais radical\u00a0<\/h2>\n<p>Conhecido por defender o uso de mentiras contra advers\u00e1rios e por ter admitido a pr\u00e1tica de &#8220;rachadinha&#8221; em seu gabinete, Janones voltou a gerar repercuss\u00e3o recentemente ao utilizar um treinamento de comunica\u00e7\u00e3o do PT para orientar militantes petistas sobre estrat\u00e9gias de enfrentamento nas redes sociais.<\/p>\n<p>Na ocasi\u00e3o, o deputado afirmou que era preciso <a href=\"https:\/\/www.gazetadopovo.com.br\/eleicoes\/2026\/janones-ensina-militantes-a-atuar-nas-redes-sociais-descer-o-cacete-e-abafar-lula\/\">&#8220;descer o cacete&#8221; em eleitores de direita<\/a>, a quem se referiu como &#8220;gado&#8221;.\u00a0<\/p>\n<p>&#8220;As redes sociais s\u00e3o as ruas de hoje em dia e n\u00f3s temos que fazer o enfrentamento, sim. \u00c9 levar as conquistas do presidente, \u00e9 levar o que ele fez e ir para cima do gado, descer o cacete, fazer o enfrentamento&#8221;, declarou Janones.<\/p>\n<p>Al\u00e9m disso, com o objetivo de reduzir o desgaste pol\u00edtico de Lula, Janones recomendou que militantes de esquerda criassem &#8220;cortinas de fuma\u00e7a&#8221; nas redes sociais para desviar a aten\u00e7\u00e3o de declara\u00e7\u00f5es do presidente que, segundo ele, n\u00e3o seriam equivocadas, mas estariam sendo retiradas de contexto por advers\u00e1rios.<\/p>\n<p>VEJA TAMB\u00c9M:<\/p>\n<\/div>","protected":false},"excerpt":{"rendered":"<p>Em publica\u00e7\u00e3o nas redes sociais, o deputado federal Andr\u00e9 Janones (Rede-MG) afirmou que a &#8220;meta&#8221; da esquerda n\u00e3o \u00e9 apenas&hellip;<\/p>\n","protected":false},"author":4,"featured_media":552846,"comment_status":"open","ping_status":"open","sticky":false,"template":"","format":"standard","meta":{"footnotes":""},"categories":[5],"tags":[],"class_list":["post-553020","post","type-post","status-publish","format-standard","has-post-thumbnail","hentry","category-politica"],"_links":{"self":[{"href":"https:\/\/villanews.com.br\/index.php?rest_route=\/wp\/v2\/posts\/553020","targetHints":{"allow":["GET"]}}],"collection":[{"href":"https:\/\/villanews.com.br\/index.php?rest_route=\/wp\/v2\/posts"}],"about":[{"href":"https:\/\/villanews.com.br\/index.php?rest_route=\/wp\/v2\/types\/post"}],"author":[{"embeddable":true,"href":"https:\/\/villanews.com.br\/index.php?rest_route=\/wp\/v2\/users\/4"}],"replies":[{"embeddable":true,"href":"https:\/\/villanews.com.br\/index.php?rest_route=%2Fwp%2Fv2%2Fcomments&post=553020"}],"version-history":[{"count":0,"href":"https:\/\/villanews.com.br\/index.php?rest_route=\/wp\/v2\/posts\/553020\/revisions"}],"wp:featuredmedia":[{"embeddable":true,"href":"https:\/\/villanews.com.br\/index.php?rest_route=\/wp\/v2\/media\/552846"}],"wp:attachment":[{"href":"https:\/\/villanews.com.br\/index.php?rest_route=%2Fwp%2Fv2%2Fmedia&parent=553020"}],"wp:term":[{"taxonomy":"category","embeddable":true,"href":"https:\/\/villanews.com.br\/index.php?rest_route=%2Fwp%2Fv2%2Fcategories&post=553020"},{"taxonomy":"post_tag","embeddable":true,"href":"https:\/\/villanews.com.br\/index.php?rest_route=%2Fwp%2Fv2%2Ftags&post=553020"}],"curies":[{"name":"wp","href":"https:\/\/api.w.org\/{rel}","templated":true}]}}