{"id":552210,"date":"2026-07-14T09:00:00","date_gmt":"2026-07-14T13:00:00","guid":{"rendered":"https:\/\/villanews.com.br\/?p=552210"},"modified":"2026-07-14T09:00:00","modified_gmt":"2026-07-14T13:00:00","slug":"com-uma-semana-de-atraso-diretoria-do-santos-regulariza-salarios-da-clt","status":"publish","type":"post","link":"https:\/\/villanews.com.br\/?p=552210","title":{"rendered":"Com uma semana de atraso, diretoria do Santos regulariza sal\u00e1rios da CLT"},"content":{"rendered":"<article class=\"mb-12\">\n<div>\n<h2>O clube quitou os sal\u00e1rios dos jogadores e da comiss\u00e3o t\u00e9cnica referentes a junho, mas ainda precisa pagar dois meses de direitos de imagem. Enquanto enfrenta dificuldades financeiras, o Santos segue impedido pela Fifa de registrar novos refor\u00e7os<\/h2>\n<\/div>\n<p><img decoding=\"async\" src=\"https:\/\/media-manager.noticiasaominuto.com.br\/960\/naom_68ff5e4a522d5.webp\" \/><\/p>\n<p>\u00a9 Getty<\/p>\n<p><img decoding=\"async\" src=\"https:\/\/noticiasaominutobr-img.com\/team\/naom.png\" \/><\/p>\n<p><span><br \/>\n                    14\/07\/2026 10:00 \u2027<br \/>\n                    h\u00e1 1 hora<br \/>\n                    por Folhapress<br \/>\n                <\/span><\/p>\n<p>\n                        Esporte\n                    <\/p>\n<p>\n<a href=\"https:\/\/www.noticiasaominuto.com.br\/esporte\/tag\/santos-fc\"><br \/>\n                                Santos FC<br \/>\n                            <\/a>\n<\/p>\n<div class=\"article-content mb-24 font-slab text-paragraph font-light\">\n<p><span>(<\/span>UOL\/FOLHAPRESS) &#8211; Com uma semana de atraso, a diretoria do Santos regularizou o pagamento dos sal\u00e1rios sob o regime CLT dos jogadores e dos membros da comiss\u00e3o t\u00e9cnica.<\/p>\n<p>                                                                    \u00a0<\/p>\n<p>O vencimento referente ao m\u00eas de junho estava atrasado desde o \u00faltimo quinto dia \u00fatil mas, segundo o apurado pela reportagem, o dep\u00f3sito foi efetuado na tarde desta segunda-feira (13).<\/p>\n<p>Com a folha em dia, a c\u00fapula santista agora corre contra o tempo atr\u00e1s de recursos para quitar os direitos de imagem dos atletas, que seguem atrasados h\u00e1 dois meses.<\/p>\n<p>Os problemas financeiros na Vila Belmiro, contudo, s\u00e3o ainda mais profundos.<\/p>\n<p>Al\u00e9m das pend\u00eancias diretas com o atual elenco, o Santos continua proibido pela FIFA de registrar novos jogadores.<\/p>\n<p>O transfer ban \u00e9 referente \u00e0 d\u00edvida com o Monaco, da Fran\u00e7a, pela contrata\u00e7\u00e3o do meio-campista Jean Lucas, realizada em 2023.<\/p>\n<p>Ciente do cen\u00e1rio, o t\u00e9cnico Cuca, que antes da paralisa\u00e7\u00e3o do calend\u00e1rio sonhava com a chegada de refor\u00e7os, j\u00e1 mudou o discurso.<\/p>\n<p>O treinador deixou claro que, para o segundo semestre, o melhor refor\u00e7o que o Santos pode receber s\u00e3o os sal\u00e1rios rigorosamente em dia para evitar a perda de foco do grupo.<\/p>\n<p>AL\u00cdVIO ANTES DA RETOMADA DO BRASILEIR\u00c3O<\/p>\n<p>A regulariza\u00e7\u00e3o parcial da folha salarial acontece tr\u00eas dias antes de o Santos voltar a campo. Na pr\u00f3xima quinta-feira (16), o clube praiano visita o Botafogo, no Est\u00e1dio Nilton Santos, no Rio de Janeiro, pelo Campeonato Brasileiro.<\/p>\n<p>Com 21 pontos conquistados, o Santos ocupa a inc\u00f4moda 15\u00aa coloca\u00e7\u00e3o na tabela de classifica\u00e7\u00e3o, restando apenas um ponto de vantagem para o Vasco, que abre a zona de rebaixamento.<\/p>\n<p><img decoding=\"async\" src=\"https:\/\/media-manager.noticiasaominuto.com\/640\/naom_6a55657513703.jpg?crop_params=eyJsYW5kc2NhcGUiOnsiY3JvcFdpZHRoIjoyMDQ4LCJjcm9wSGVpZ2h0IjoxMTUyLCJjcm9wWCI6MTgzLCJjcm9wWSI6LTF9fQ==\" \/><\/p>\n<h2><a href=\"https:\/\/www.noticiasaominuto.com.br\/esporte\/2397317\/medico-da-selecao-de-senegal-era-ginecologista-revela-federacao\"> M\u00e9dico da sele\u00e7\u00e3o de Senegal era ginecologista, revela federa\u00e7\u00e3o <\/a><\/h2>\n<p>Presidente da federa\u00e7\u00e3o afirmou que descobriu apenas ap\u00f3s uma auditoria interna que o respons\u00e1vel pelo departamento m\u00e9dico da equipe h\u00e1 cerca de dez anos era especialista em ginecologia e obstetr\u00edcia<\/p>\n<p><small> Not\u00edcias ao Minuto | 05:30 &#8211; 14\/07\/2026 <\/small><\/p>\n<\/div>\n<p><a href=\"https:\/\/www.google.com\/preferences\/source?q=noticiasaominuto.com.br\"><\/a><\/p>\n<p><strong>Escolha o Not\u00edcias ao Minuto como fonte preferida no Google<\/strong><br \/>\n<span><br \/>\n        Receba as nossas not\u00edcias com mais destaque sempre que pesquisar no Google.<br \/>\n    <\/span> <\/p><\/article>","protected":false},"excerpt":{"rendered":"<p>O clube quitou os sal\u00e1rios dos jogadores e da comiss\u00e3o t\u00e9cnica referentes a junho, mas ainda precisa pagar dois meses&hellip;<\/p>\n","protected":false},"author":4,"featured_media":552211,"comment_status":"open","ping_status":"open","sticky":false,"template":"","format":"standard","meta":{"footnotes":""},"categories":[6],"tags":[],"class_list":["post-552210","post","type-post","status-publish","format-standard","has-post-thumbnail","hentry","category-esportes"],"_links":{"self":[{"href":"https:\/\/villanews.com.br\/index.php?rest_route=\/wp\/v2\/posts\/552210","targetHints":{"allow":["GET"]}}],"collection":[{"href":"https:\/\/villanews.com.br\/index.php?rest_route=\/wp\/v2\/posts"}],"about":[{"href":"https:\/\/villanews.com.br\/index.php?rest_route=\/wp\/v2\/types\/post"}],"author":[{"embeddable":true,"href":"https:\/\/villanews.com.br\/index.php?rest_route=\/wp\/v2\/users\/4"}],"replies":[{"embeddable":true,"href":"https:\/\/villanews.com.br\/index.php?rest_route=%2Fwp%2Fv2%2Fcomments&post=552210"}],"version-history":[{"count":0,"href":"https:\/\/villanews.com.br\/index.php?rest_route=\/wp\/v2\/posts\/552210\/revisions"}],"wp:featuredmedia":[{"embeddable":true,"href":"https:\/\/villanews.com.br\/index.php?rest_route=\/wp\/v2\/media\/552211"}],"wp:attachment":[{"href":"https:\/\/villanews.com.br\/index.php?rest_route=%2Fwp%2Fv2%2Fmedia&parent=552210"}],"wp:term":[{"taxonomy":"category","embeddable":true,"href":"https:\/\/villanews.com.br\/index.php?rest_route=%2Fwp%2Fv2%2Fcategories&post=552210"},{"taxonomy":"post_tag","embeddable":true,"href":"https:\/\/villanews.com.br\/index.php?rest_route=%2Fwp%2Fv2%2Ftags&post=552210"}],"curies":[{"name":"wp","href":"https:\/\/api.w.org\/{rel}","templated":true}]}}