{"id":552200,"date":"2026-07-13T21:21:48","date_gmt":"2026-07-14T01:21:48","guid":{"rendered":"https:\/\/villanews.com.br\/?p=552200"},"modified":"2026-07-13T21:21:48","modified_gmt":"2026-07-14T01:21:48","slug":"pessimismo-toma-conta-e-confianca-da-industria-atinge-o-menor-nivel-desde-pandemia-aponta-cni","status":"publish","type":"post","link":"https:\/\/villanews.com.br\/?p=552200","title":{"rendered":"Pessimismo toma conta e confian\u00e7a da ind\u00fastria atinge o menor n\u00edvel desde pandemia, aponta CNI"},"content":{"rendered":"<div class=\"postBody-module-scss-module__8_WGKG__postBodyContainer\">\n<p>A confian\u00e7a do <a href=\"https:\/\/www.gazetadopovo.com.br\/tudo-sobre\/industria\/10\/\">setor industrial brasileiro<\/a> voltou a recuar no in\u00edcio do segundo semestre e chegou em julho de 2026 no menor n\u00edvel desde a pandemia. O resultado \u00e9 um ind\u00edcio do avan\u00e7o do pessimismo no setor produtivo.<\/p>\n<p>Segundo dados divulgados pela Confedera\u00e7\u00e3o Nacional da Ind\u00fastria (CNI) no relat\u00f3rio ICEI, o \u00cdndice de Confian\u00e7a do Empres\u00e1rio Industrial caiu 2,3 pontos em julho de 2026, atingindo a marca de 44,4 pontos.<\/p>\n<p>VEJA TAMB\u00c9M:<\/p>\n<p>Este \u00e9 o menor patamar registrado pelo indicador desde junho de 2020, em plena pandemia da Covid-19, consolidando o 19\u00ba m\u00eas consecutivo de percep\u00e7\u00e3o negativa na ind\u00fastria\u00a0<\/p>\n<p>A intensifica\u00e7\u00e3o do pessimismo foi provocada pela piora conjunta em dois pilares do indicador: a avalia\u00e7\u00e3o da situa\u00e7\u00e3o presente e as proje\u00e7\u00f5es para os pr\u00f3ximos seis meses. O \u00cdndice de Condi\u00e7\u00f5es Atuais recuou para 41,6 pontos, refletindo percep\u00e7\u00e3o cada vez mais cr\u00edtica sobre o ambiente de neg\u00f3cios nacional e o desempenho das pr\u00f3prias empresas.\u00a0<\/p>\n<p>A maior retra\u00e7\u00e3o, no entanto, veio do \u00cdndice de Expectativas, que despencou 3,1 pontos e registrou 45,8 pontos, marcando a queda mensal mais severa do indicador desde o final de 2022.<\/p>\n<h2>Metodologia<\/h2>\n<p>O levantamento do ICEI de julho de 26 foi elaborado com base em entrevistas realizadas entre os dias 1\u00ba e 7 de julho de 2026 com 1.118 empresas de pequeno, m\u00e9dio e grande porte de todo o pa\u00eds.<\/p>\n<\/div>\n<p>\u00a0<\/p>","protected":false},"excerpt":{"rendered":"<p>A confian\u00e7a do setor industrial brasileiro voltou a recuar no in\u00edcio do segundo semestre e chegou em julho de 2026&hellip;<\/p>\n","protected":false},"author":4,"featured_media":550719,"comment_status":"open","ping_status":"open","sticky":false,"template":"","format":"standard","meta":{"footnotes":""},"categories":[190],"tags":[],"class_list":["post-552200","post","type-post","status-publish","format-standard","has-post-thumbnail","hentry","category-economia"],"_links":{"self":[{"href":"https:\/\/villanews.com.br\/index.php?rest_route=\/wp\/v2\/posts\/552200","targetHints":{"allow":["GET"]}}],"collection":[{"href":"https:\/\/villanews.com.br\/index.php?rest_route=\/wp\/v2\/posts"}],"about":[{"href":"https:\/\/villanews.com.br\/index.php?rest_route=\/wp\/v2\/types\/post"}],"author":[{"embeddable":true,"href":"https:\/\/villanews.com.br\/index.php?rest_route=\/wp\/v2\/users\/4"}],"replies":[{"embeddable":true,"href":"https:\/\/villanews.com.br\/index.php?rest_route=%2Fwp%2Fv2%2Fcomments&post=552200"}],"version-history":[{"count":0,"href":"https:\/\/villanews.com.br\/index.php?rest_route=\/wp\/v2\/posts\/552200\/revisions"}],"wp:featuredmedia":[{"embeddable":true,"href":"https:\/\/villanews.com.br\/index.php?rest_route=\/wp\/v2\/media\/550719"}],"wp:attachment":[{"href":"https:\/\/villanews.com.br\/index.php?rest_route=%2Fwp%2Fv2%2Fmedia&parent=552200"}],"wp:term":[{"taxonomy":"category","embeddable":true,"href":"https:\/\/villanews.com.br\/index.php?rest_route=%2Fwp%2Fv2%2Fcategories&post=552200"},{"taxonomy":"post_tag","embeddable":true,"href":"https:\/\/villanews.com.br\/index.php?rest_route=%2Fwp%2Fv2%2Ftags&post=552200"}],"curies":[{"name":"wp","href":"https:\/\/api.w.org\/{rel}","templated":true}]}}