{"id":551093,"date":"2026-07-13T21:56:22","date_gmt":"2026-07-14T01:56:22","guid":{"rendered":"https:\/\/villanews.com.br\/?p=551093"},"modified":"2026-07-13T21:56:22","modified_gmt":"2026-07-14T01:56:22","slug":"grupo-de-advogados-cobra-oab-apos-moraes-impedir-comunicacao-entre-flavio-e-bolsonaro","status":"publish","type":"post","link":"https:\/\/villanews.com.br\/?p=551093","title":{"rendered":"Grupo de advogados cobra OAB ap\u00f3s Moraes impedir comunica\u00e7\u00e3o entre Fl\u00e1vio e Bolsonaro"},"content":{"rendered":"<div class=\"postBody-module-scss-module__8_WGKG__postBodyContainer\">\n<p>O movimento Advogados de Direita Brasil repudiou a decis\u00e3o do ministro do Supremo Tribunal Federal (STF) Alexandre de Moraes de suspender, por 90 dias, as visitas do senador Fl\u00e1vio Bolsonaro (PL-RJ) ao seu pai, o ex-presidente Jair Bolsonaro (PL), que cumpre pris\u00e3o domiciliar humanit\u00e1ria. O grupo, que re\u00fane mais de 9 mil advogados, cobrou a atua\u00e7\u00e3o da Ordem dos Advogados do Brasil (OAB), uma vez que Fl\u00e1vio est\u00e1 registrado nos autos como advogado de Bolsonaro.<\/p>\n<p>&#8220;A OAB n\u00e3o pode tratar esses acontecimentos como fatos isolados, sobretudo quando sucessivas provoca\u00e7\u00f5es, ao longo de diferentes anos, apontam para restri\u00e7\u00f5es que atingem o acesso aos autos, a independ\u00eancia da defesa e a comunica\u00e7\u00e3o entre advogados e clientes&#8221;, diz a nota assinada nesta segunda-feira (13).<\/p>\n<p>O advogado Tracy Reinaldet, que atua na pr\u00e9-campanha do senador, foi no mesmo sentido, citando um trecho do Estatuto de Advocacia que estabelece, como direito do advogado, &#8220;comunicar-se com seus clientes, pessoal e reservadamente, mesmo sem procura\u00e7\u00e3o, quando estes se acharem presos, detidos ou recolhidos em estabelecimentos civis ou militares, ainda que considerados incomunic\u00e1veis&#8221;.<\/p>\n<p>VEJA TAMB\u00c9M:<\/p>\n<p>A nota ainda presta solidariedade a Fl\u00e1vio e argumenta que o Conselho Federal da OAB &#8220;n\u00e3o pode escolher quais advogados merecem prote\u00e7\u00e3o, quais clientes t\u00eam direito a uma defesa plena ou quem estaria acima de qualquer apura\u00e7\u00e3o&#8221;.<\/p>\n<p>A decis\u00e3o de Moraes pode ter repercuss\u00f5es eleitorais: o ministro enviou uma c\u00f3pia da sua decis\u00e3o para o Minist\u00e9rio P\u00fablico Eleitoral (MPE). Para ele, a divulga\u00e7\u00e3o da &#8220;carta aos brasileiros&#8221; escrita por Bolsonaro pode ser enquadrada como propaganda eleitoral antecipada.<\/p>\n<p>&#8220;A conduta de Fl\u00e1vio Bolsonaro, como instrumento de promo\u00e7\u00e3o pol\u00edtica de sua pr\u00e9-candidatura a presidente da Rep\u00fablica, com a utiliza\u00e7\u00e3o de express\u00f5es de carga sem\u00e2ntica equivalente a pedido expl\u00edcito de voto, pode configurar propaganda eleitoral antecipada em per\u00edodo eleitoral vedado pela legisla\u00e7\u00e3o, devendo ser apurada pelo Minist\u00e9rio P\u00fablico Eleitoral&#8221;, diz o ministro.<\/p>\n<\/div>","protected":false},"excerpt":{"rendered":"<p>O movimento Advogados de Direita Brasil repudiou a decis\u00e3o do ministro do Supremo Tribunal Federal (STF) Alexandre de Moraes de&hellip;<\/p>\n","protected":false},"author":4,"featured_media":550777,"comment_status":"open","ping_status":"open","sticky":false,"template":"","format":"standard","meta":{"footnotes":""},"categories":[204],"tags":[],"class_list":["post-551093","post","type-post","status-publish","format-standard","has-post-thumbnail","hentry","category-ultimas-noticias"],"_links":{"self":[{"href":"https:\/\/villanews.com.br\/index.php?rest_route=\/wp\/v2\/posts\/551093","targetHints":{"allow":["GET"]}}],"collection":[{"href":"https:\/\/villanews.com.br\/index.php?rest_route=\/wp\/v2\/posts"}],"about":[{"href":"https:\/\/villanews.com.br\/index.php?rest_route=\/wp\/v2\/types\/post"}],"author":[{"embeddable":true,"href":"https:\/\/villanews.com.br\/index.php?rest_route=\/wp\/v2\/users\/4"}],"replies":[{"embeddable":true,"href":"https:\/\/villanews.com.br\/index.php?rest_route=%2Fwp%2Fv2%2Fcomments&post=551093"}],"version-history":[{"count":0,"href":"https:\/\/villanews.com.br\/index.php?rest_route=\/wp\/v2\/posts\/551093\/revisions"}],"wp:featuredmedia":[{"embeddable":true,"href":"https:\/\/villanews.com.br\/index.php?rest_route=\/wp\/v2\/media\/550777"}],"wp:attachment":[{"href":"https:\/\/villanews.com.br\/index.php?rest_route=%2Fwp%2Fv2%2Fmedia&parent=551093"}],"wp:term":[{"taxonomy":"category","embeddable":true,"href":"https:\/\/villanews.com.br\/index.php?rest_route=%2Fwp%2Fv2%2Fcategories&post=551093"},{"taxonomy":"post_tag","embeddable":true,"href":"https:\/\/villanews.com.br\/index.php?rest_route=%2Fwp%2Fv2%2Ftags&post=551093"}],"curies":[{"name":"wp","href":"https:\/\/api.w.org\/{rel}","templated":true}]}}