{"id":550775,"date":"2026-07-13T20:36:39","date_gmt":"2026-07-14T00:36:39","guid":{"rendered":"https:\/\/villanews.com.br\/?p=550775"},"modified":"2026-07-13T20:36:39","modified_gmt":"2026-07-14T00:36:39","slug":"janja-chama-criticas-por-seus-gastos-em-viagem-de-estrategia-da-extrema-direita-misoginia-pura","status":"publish","type":"post","link":"https:\/\/villanews.com.br\/?p=550775","title":{"rendered":"Janja chama cr\u00edticas por seus gastos em viagem de estrat\u00e9gia da extrema direita: \u201cMisoginia pura\u201d"},"content":{"rendered":"<div class=\"postBody-module-scss-module__8_WGKG__postBodyContainer\">\n<p>A primeira-dama Ros\u00e2ngela Lula da Silva, <a href=\"https:\/\/www.gazetadopovo.com.br\/republica\/nove-fatos-que-indicam-o-crescimento-do-poder-e-da-influencia-de-janja-da-silva\/\">a Janja<\/a>, disse nesta segunda-feira (13) que a pecha de \u201cgastadeira\u201d derivada de suas viagens internacionais \u00e9 uma \u201cestrat\u00e9gia da extrema-direita\u201d e \u201cmisoginia pura\u201d. Segundo ela, as estadias em embaixadas e a op\u00e7\u00e3o de viajar em cabine executiva nos voos fazem parte de um protocolo de \u201cseguran\u00e7a\u201d.<\/p>\n<p>\u201c\u00c9 mais f\u00e1cil me atingir para atingir o presidente da Rep\u00fablica. (&#8230;) Procuro me hospedar nas embaixadas, primeiro por quest\u00e3o de seguran\u00e7a; o tr\u00e2nsito e a log\u00edstica s\u00e3o mais tranquilos. Viajo de Executiva por quest\u00e3o de seguran\u00e7a; n\u00e3o viajo de econ\u00f4mica por alguns regramentos que tenho de seguir\u201d, disse ela em entrevista ao programa Frente a Frente, do portal <em>UOL<\/em> em parceria com o jornal <em>Folha de S.Paulo<\/em>.<\/p>\n<p>VEJA TAMB\u00c9M:<\/p>\n<p>Ainda de acordo com Janja, que j\u00e1 reclamou da <a href=\"https:\/\/www.gazetadopovo.com.br\/vida-e-cidadania\/janja-diz-ter-sentido-vontade-de-pegar-as-bolsas-e-as-cachorras-e-voltar-para-sp\/\">falta de reconhecimento por seu trabalho no governo<\/a>, o Brasil nunca teve uma primeira-dama que \u201ctrabalhasse efetivamente\u201d. A declara\u00e7\u00e3o foi uma resposta ao jornalista Fernando Canzian, que a questionou se n\u00e3o seria mais adequado que ela tivesse um cargo formal.<\/p>\n<p>\u201cQuase todo dia eu vou para o Planalto, fa\u00e7o reuni\u00f5es, cumpro agenda, viajo a trabalho&#8230; As pessoas, a sociedade de modo geral e a imprensa n\u00e3o estavam acostumadas com isso\u201d, afirmou. Ela voltou a se queixar de que <a href=\"https:\/\/www.gazetadopovo.com.br\/vida-e-cidadania\/janja-diz-ter-sentido-vontade-de-pegar-as-bolsas-e-as-cachorras-e-voltar-para-sp\/\">a imprensa nacional a procura menos do que os ve\u00edculos internacionais<\/a>.<\/p>\n<h2>Feminismo e ass\u00e9dio<\/h2>\n<p>Janja declarou tamb\u00e9m que n\u00e3o se deixa abalar pelas cr\u00edticas e que se motiva especialmente pela pauta do combate \u00e0 viol\u00eancia contra a mulher. Al\u00e9m disso, destacou sua atua\u00e7\u00e3o na luta contra a fome como um dos pontos centrais do seu trabalho.<\/p>\n<p>Nesta entrevista, Janja ainda prestou solidariedade \u00e0 ex-primeira-dama Michelle Bolsonaro, por supostos ataques mis\u00f3ginos de aliados, promoveu<a href=\"https:\/\/www.gazetadopovo.com.br\/ideias\/por-que-o-pl-da-misoginia-gera-preocupacao-no-congresso-nacional\/\"> o PL da misoginia <\/a>e lembrou do seu papel em momentos decisivos do governo.<\/p>\n<p>&#8220;A quest\u00e3o da viol\u00eancia contra a mulher, a misoginia, ela n\u00e3o tem lado&#8221;, disse Janja.<\/p>\n<p>Provocada pela jornalista Daniela Lima, ela lembrou de quando uma foto sua com a ex-ministra da Igualdade Racial, Anielle Franco, publicada no Instagram, acabou precipitando a decis\u00e3o de <a href=\"https:\/\/www.gazetadopovo.com.br\/republica\/lula-demite-silvio-almeida-denuncias-suposto-assedio-sexual\/\">demitir o ent\u00e3o ministro dos direitos humanos, Silvio Luiz de Almeida<\/a>.<\/p>\n<p>\u201cEu n\u00e3o vou questionar ela, como muita gente questionou, num momento deste voc\u00ea s\u00f3 d\u00e1 a m\u00e3o\u201d, declarou Janja. Novamente sem detalhes, Janja voltou a dizer que <a href=\"https:\/\/www.gazetadopovo.com.br\/republica\/sem-detalhes-janja-afirma-ter-sido-assediada-ja-como-primeira-dama\/\">foi assediada sexualmente<\/a> durante o exerc\u00edcio do seu status de primeira-dama.<\/p>\n<\/div>","protected":false},"excerpt":{"rendered":"<p>A primeira-dama Ros\u00e2ngela Lula da Silva, a Janja, disse nesta segunda-feira (13) que a pecha de \u201cgastadeira\u201d derivada de suas&hellip;<\/p>\n","protected":false},"author":4,"featured_media":550583,"comment_status":"open","ping_status":"open","sticky":false,"template":"","format":"standard","meta":{"footnotes":""},"categories":[5],"tags":[],"class_list":["post-550775","post","type-post","status-publish","format-standard","has-post-thumbnail","hentry","category-politica"],"_links":{"self":[{"href":"https:\/\/villanews.com.br\/index.php?rest_route=\/wp\/v2\/posts\/550775","targetHints":{"allow":["GET"]}}],"collection":[{"href":"https:\/\/villanews.com.br\/index.php?rest_route=\/wp\/v2\/posts"}],"about":[{"href":"https:\/\/villanews.com.br\/index.php?rest_route=\/wp\/v2\/types\/post"}],"author":[{"embeddable":true,"href":"https:\/\/villanews.com.br\/index.php?rest_route=\/wp\/v2\/users\/4"}],"replies":[{"embeddable":true,"href":"https:\/\/villanews.com.br\/index.php?rest_route=%2Fwp%2Fv2%2Fcomments&post=550775"}],"version-history":[{"count":0,"href":"https:\/\/villanews.com.br\/index.php?rest_route=\/wp\/v2\/posts\/550775\/revisions"}],"wp:featuredmedia":[{"embeddable":true,"href":"https:\/\/villanews.com.br\/index.php?rest_route=\/wp\/v2\/media\/550583"}],"wp:attachment":[{"href":"https:\/\/villanews.com.br\/index.php?rest_route=%2Fwp%2Fv2%2Fmedia&parent=550775"}],"wp:term":[{"taxonomy":"category","embeddable":true,"href":"https:\/\/villanews.com.br\/index.php?rest_route=%2Fwp%2Fv2%2Fcategories&post=550775"},{"taxonomy":"post_tag","embeddable":true,"href":"https:\/\/villanews.com.br\/index.php?rest_route=%2Fwp%2Fv2%2Ftags&post=550775"}],"curies":[{"name":"wp","href":"https:\/\/api.w.org\/{rel}","templated":true}]}}