{"id":550630,"date":"2026-07-13T13:32:23","date_gmt":"2026-07-13T17:32:23","guid":{"rendered":"https:\/\/villanews.com.br\/?p=550630"},"modified":"2026-07-13T13:32:23","modified_gmt":"2026-07-13T17:32:23","slug":"caminhoneiros-fazem-mobilizacao-para-pressionar-alcolumbre-a-votar-mp-do-frete","status":"publish","type":"post","link":"https:\/\/villanews.com.br\/?p=550630","title":{"rendered":"Caminhoneiros fazem mobiliza\u00e7\u00e3o para pressionar Alcolumbre a votar MP do Frete"},"content":{"rendered":"<div class=\"postBody-module-scss-module__8_WGKG__postBodyContainer\">\n<p>Caminhoneiros aut\u00f4nomos iniciaram, na madrugada desta segunda-feira (13), uma <a href=\"https:\/\/www.gazetadopovo.com.br\/republica\/greve-de-caminhoneiros-lider-da-categoria-orienta-a-parar-a-0h-desta-segunda-feira\/\">mobiliza\u00e7\u00e3o para pressionar o presidente do Senado, Davi Alcolumbre<\/a> (Republicanos-AP), a colocar em vota\u00e7\u00e3o a medida provis\u00f3ria que estabelece uma s\u00e9rie de regras para o transporte de cargas no pa\u00eds, a chamada \u201cMP do Frete\u201d.<\/p>\n<p>A <strong>Gazeta do Povo <\/strong>apurou junto \u00e0 Confedera\u00e7\u00e3o Nacional dos Transportadores Aut\u00f4nomos (CNTA) que a mobiliza\u00e7\u00e3o, inicialmente tratada como greve, n\u00e3o bloqueia rodovias e nem acesso a portos, apenas uma movimenta\u00e7\u00e3o de forma pontual no porto de Santos, no litoral do estado de S\u00e3o Paulo. O terminal \u00e9 o maior e mais importante do pa\u00eds, mas com a entrada e sa\u00edda de caminh\u00f5es ocorrendo normalmente.<\/p>\n<p>A \u201cMP do Frete\u201d perde validade nesta quinta-feira (16) sem ser analisada pelo Congresso e preocupa sindicatos e associa\u00e7\u00f5es de motoristas aut\u00f4nomos. H\u00e1 a expectativa, segundo interlocutores, que Alcolumbre pautar\u00e1 a proposta ainda nesta semana antes do prazo de vencimento.<\/p>\n<p>\u201cH\u00e1 semanas a gente vem lutando para que o Senado coloque o texto da MP em vota\u00e7\u00e3o e at\u00e9 agora n\u00e3o aconteceu, por isso a categoria deliberou que far\u00edamos essa paralisa\u00e7\u00e3o. Essa paralisa\u00e7\u00e3o n\u00e3o \u00e9 feita por decis\u00e3o do sindicalista A ou B. Quem causou essa paralisa\u00e7\u00e3o foi o Alcolumbre\u201d, disse o presidente da Associa\u00e7\u00e3o Brasileira dos Condutores de Ve\u00edculos Automotores (Abrava), Wallace Landim, o Chor\u00e3o, mais cedo em entrevista ao site <em>ICL<\/em> <em>Not\u00edcias<\/em>.<\/p>\n<p>VEJA TAMB\u00c9M:<\/p>\n<p>A \u201cMP do Frete\u201d trata de uma s\u00e9rie de mudan\u00e7as para o setor de transporte rodovi\u00e1rio de cargas. Entre os principais pontos est\u00e3o:<\/p>\n<ul>\n<li>Regras sobre o custo m\u00ednimo do frete;<\/li>\n<li>Amplia\u00e7\u00e3o da autonomia da ANTT para fiscaliza\u00e7\u00f5es;<\/li>\n<li>Isen\u00e7\u00e3o de multas aplicadas em 2022;<\/li>\n<li>Fim das multas de entre-eixos;<\/li>\n<li>Sal\u00e1rio-base de R$ 5 mil para motoristas celetistas.<\/li>\n<\/ul>\n<p>&#8220;A aus\u00eancia de delibera\u00e7\u00e3o sobre a Medida Provis\u00f3ria at\u00e9 o fim de sua vig\u00eancia poder\u00e1 intensificar a insatisfa\u00e7\u00e3o da categoria e favorecer o surgimento de manifesta\u00e7\u00f5es espont\u00e2neas por parte dos transportadores aut\u00f4nomos, motivadas pela relev\u00e2ncia do tema e pela expectativa criada em torno de sua vota\u00e7\u00e3o&#8221;, disse a CNTA em nota emendando que trabalha junto ao governo, aos senadores e lideran\u00e7as partid\u00e1rias para a vota\u00e7\u00e3o e aprova\u00e7\u00e3o da proposta antes do vencimento.<\/p>\n<p>VEJA TAMB\u00c9M:<\/p>\n<p>Em v\u00eddeo divulgado durante a madrugada, o presidente do Sindicato dos Transportadores Rodovi\u00e1rios Aut\u00f4nomos de Bens da Baixada Santista e Vale do Ribeira (Sindicam-Santos), Luciano Santos, refor\u00e7ou a press\u00e3o sobre o Senado.<\/p>\n<p>\u201cPorto de Santos est\u00e1 parado, como foi pedido pela categoria. Alcolumbre, coloque essa pauta para vota\u00e7\u00e3o sen\u00e3o essa responsabilidade ser\u00e1 100% sua\u201d, afirmou.<\/p>\n<p>Lideran\u00e7as do setor afirmam que a paralisa\u00e7\u00e3o n\u00e3o estaria restrita aos caminhoneiros que atuam nos portos. \u201c\u00c9 geral. O objetivo \u00e9 continuarmos parados at\u00e9 que Alcolumbre coloque a MP em vota\u00e7\u00e3o\u201d, disse Carlos Alberto Litti Dahmer, diretor da Confedera\u00e7\u00e3o Nacional dos Trabalhadores em Transportes e Log\u00edstica (CNTTL).<\/p>\n<p>Representantes da categoria dizem que Alcolumbre sinalizou a possibilidade de pautar a proposta nos pr\u00f3ximos dias. \u201cEsperamos que isso aconte\u00e7a\u201d, afirmou Chor\u00e3o.<\/p>\n<p>No estado do Mato Grosso do Sul, um dos mais importantes produtores agr\u00edcolas do pa\u00eds, caminhoneiros aguardam o avan\u00e7o do movimento em Santos para decidirem se paralisam as atividades.<\/p>\n<\/div>\n<p>\u00a0<\/p>","protected":false},"excerpt":{"rendered":"<p>Caminhoneiros aut\u00f4nomos iniciaram, na madrugada desta segunda-feira (13), uma mobiliza\u00e7\u00e3o para pressionar o presidente do Senado, Davi Alcolumbre (Republicanos-AP), a&hellip;<\/p>\n","protected":false},"author":4,"featured_media":549117,"comment_status":"open","ping_status":"open","sticky":false,"template":"","format":"standard","meta":{"footnotes":""},"categories":[190],"tags":[],"class_list":["post-550630","post","type-post","status-publish","format-standard","has-post-thumbnail","hentry","category-economia"],"_links":{"self":[{"href":"https:\/\/villanews.com.br\/index.php?rest_route=\/wp\/v2\/posts\/550630","targetHints":{"allow":["GET"]}}],"collection":[{"href":"https:\/\/villanews.com.br\/index.php?rest_route=\/wp\/v2\/posts"}],"about":[{"href":"https:\/\/villanews.com.br\/index.php?rest_route=\/wp\/v2\/types\/post"}],"author":[{"embeddable":true,"href":"https:\/\/villanews.com.br\/index.php?rest_route=\/wp\/v2\/users\/4"}],"replies":[{"embeddable":true,"href":"https:\/\/villanews.com.br\/index.php?rest_route=%2Fwp%2Fv2%2Fcomments&post=550630"}],"version-history":[{"count":0,"href":"https:\/\/villanews.com.br\/index.php?rest_route=\/wp\/v2\/posts\/550630\/revisions"}],"wp:featuredmedia":[{"embeddable":true,"href":"https:\/\/villanews.com.br\/index.php?rest_route=\/wp\/v2\/media\/549117"}],"wp:attachment":[{"href":"https:\/\/villanews.com.br\/index.php?rest_route=%2Fwp%2Fv2%2Fmedia&parent=550630"}],"wp:term":[{"taxonomy":"category","embeddable":true,"href":"https:\/\/villanews.com.br\/index.php?rest_route=%2Fwp%2Fv2%2Fcategories&post=550630"},{"taxonomy":"post_tag","embeddable":true,"href":"https:\/\/villanews.com.br\/index.php?rest_route=%2Fwp%2Fv2%2Ftags&post=550630"}],"curies":[{"name":"wp","href":"https:\/\/api.w.org\/{rel}","templated":true}]}}