{"id":550244,"date":"2026-07-13T17:47:47","date_gmt":"2026-07-13T21:47:47","guid":{"rendered":"https:\/\/villanews.com.br\/?p=550244"},"modified":"2026-07-13T17:47:47","modified_gmt":"2026-07-13T21:47:47","slug":"moraes-impoe-mordaca-e-candidatura-e-flavio-e-ameacada","status":"publish","type":"post","link":"https:\/\/villanews.com.br\/?p=550244","title":{"rendered":"Moraes imp\u00f5e morda\u00e7a e candidatura e Fl\u00e1vio \u00e9 amea\u00e7ada"},"content":{"rendered":"<div class=\"postBody-module-scss-module__8_WGKG__postBodyContainer\">\n<p>O ministro do Supremo Tribunal Federal (STF), Alexandre de Moraes, imp\u00f4s uma morda\u00e7a \u00e0s comunica\u00e7\u00f5es entre o pr\u00e9-candidato \u00e0 Presid\u00eancia da Rep\u00fablica, Fl\u00e1vio Bolsonaro, e o ex-presidente Jair Bolsonaro, at\u00e9 depois das elei\u00e7\u00f5es de outubro.<\/p>\n<p>Agora, pai e filho est\u00e3o proibidos de se falarem por 90 dias, como puni\u00e7\u00e3o pela divulga\u00e7\u00e3o da carta em que Jair Bolsonaro pediu uni\u00e3o da direita e reafirmou apoio ao primog\u00eanito na corrida presidencial.<\/p>\n<p>Este ser\u00e1 o ponto de partida do <a href=\"https:\/\/www.youtube.com\/live\/E-l0OnQ1neA\">programa \u00daltima An\u00e1lise desta segunda-feira (13)<\/a>. Hoje participam do programa o professor da FGV Daniel Vargas, a advogada Fabiana Barroso e o colunista da <strong>Gazeta do Povo<\/strong> Lu\u00eds Ernesto Lacombe.<\/p>\n<h2>Damares Alves sai da campanha de Fl\u00e1vio<\/h2>\n<p>O programa tamb\u00e9m vai falar a respeito do afastamento da senadora Damares Alves (Republicanos-DF) da campanha de Fl\u00e1vio \u00e0 Presid\u00eancia da Rep\u00fablica. A senadora reclamou de ter sido &#8220;atacada diretamente pelo time da direita&#8221; e afirmou que n\u00e3o foi procurada pelo pr\u00e9-candidato desde que a crise come\u00e7ou a escalar.<\/p>\n<h2>A controversa decis\u00e3o de Dino<\/h2>\n<p>Outro tema do programa de hoje ser\u00e1 a decis\u00e3o do ministro Fl\u00e1vio Dino, do STF, que determinou o bloqueio de bens de Valdemar Costa Neto (PL) e Eduardo Cunha (Republicanos), investigados no esquema de desvio de emendas parlamentares. A decis\u00e3o contraria a posi\u00e7\u00e3o da Procuradoria-Geral da Rep\u00fablica (PGR).<\/p>\n<h2>Perigos da PL da Misoginia<\/h2>\n<p>Os convidados v\u00e3o falar dos problemas do projeto, conhecido como &#8220;PL da Misoginia&#8221;, que pretende incluir a discrimina\u00e7\u00e3o ou o menosprezo contra mulheres na Lei do Racismo como crime imprescrit\u00edvel e inafian\u00e7\u00e1vel. Assim, os r\u00e9us ficariam sujeitos a censura sum\u00e1ria de perfis de rede social, aumento de pena em caso de manifesta\u00e7\u00f5es feitas como piada e destrui\u00e7\u00e3o de livros ou outros materiais impressos.<\/p>\n<h2>O evento dos EUA contra a esquerda<\/h2>\n<p>Por fim, o programa vai falar a respeito do evento, organizado pelo Departamento de Estado americano, liderado por Marco Rubio, Secret\u00e1rio de estado dos Estados Unidos, com pelo menos 60 pa\u00edses, focado em lidar com o \u201cressurgimento do terrorismo transnacional de extrema esquerda\u201d, segundo detalham documentos revisados pelo jornal\u00a0<em>The Washington Post<\/em>.<\/p>\n<\/div>","protected":false},"excerpt":{"rendered":"<p>O ministro do Supremo Tribunal Federal (STF), Alexandre de Moraes, imp\u00f4s uma morda\u00e7a \u00e0s comunica\u00e7\u00f5es entre o pr\u00e9-candidato \u00e0 Presid\u00eancia&hellip;<\/p>\n","protected":false},"author":4,"featured_media":550245,"comment_status":"open","ping_status":"open","sticky":false,"template":"","format":"standard","meta":{"footnotes":""},"categories":[204],"tags":[],"class_list":["post-550244","post","type-post","status-publish","format-standard","has-post-thumbnail","hentry","category-ultimas-noticias"],"_links":{"self":[{"href":"https:\/\/villanews.com.br\/index.php?rest_route=\/wp\/v2\/posts\/550244","targetHints":{"allow":["GET"]}}],"collection":[{"href":"https:\/\/villanews.com.br\/index.php?rest_route=\/wp\/v2\/posts"}],"about":[{"href":"https:\/\/villanews.com.br\/index.php?rest_route=\/wp\/v2\/types\/post"}],"author":[{"embeddable":true,"href":"https:\/\/villanews.com.br\/index.php?rest_route=\/wp\/v2\/users\/4"}],"replies":[{"embeddable":true,"href":"https:\/\/villanews.com.br\/index.php?rest_route=%2Fwp%2Fv2%2Fcomments&post=550244"}],"version-history":[{"count":0,"href":"https:\/\/villanews.com.br\/index.php?rest_route=\/wp\/v2\/posts\/550244\/revisions"}],"wp:featuredmedia":[{"embeddable":true,"href":"https:\/\/villanews.com.br\/index.php?rest_route=\/wp\/v2\/media\/550245"}],"wp:attachment":[{"href":"https:\/\/villanews.com.br\/index.php?rest_route=%2Fwp%2Fv2%2Fmedia&parent=550244"}],"wp:term":[{"taxonomy":"category","embeddable":true,"href":"https:\/\/villanews.com.br\/index.php?rest_route=%2Fwp%2Fv2%2Fcategories&post=550244"},{"taxonomy":"post_tag","embeddable":true,"href":"https:\/\/villanews.com.br\/index.php?rest_route=%2Fwp%2Fv2%2Ftags&post=550244"}],"curies":[{"name":"wp","href":"https:\/\/api.w.org\/{rel}","templated":true}]}}