{"id":549550,"date":"2026-07-13T10:48:20","date_gmt":"2026-07-13T14:48:20","guid":{"rendered":"https:\/\/villanews.com.br\/?p=549550"},"modified":"2026-07-13T10:48:20","modified_gmt":"2026-07-13T14:48:20","slug":"conheca-a-ordem-de-votacao-na-urna-eletronica-nas-eleicoes-2026","status":"publish","type":"post","link":"https:\/\/villanews.com.br\/?p=549550","title":{"rendered":"Conhe\u00e7a a ordem de vota\u00e7\u00e3o na urna eletr\u00f4nica nas elei\u00e7\u00f5es 2026"},"content":{"rendered":"<div class=\"postBody-module-scss-module__8_WGKG__postBodyContainer\">\n<p>Mais de 155 milh\u00f5es de eleitores brasileiros dever\u00e3o participar das Elei\u00e7\u00f5es Gerais de 2026 para escolher representantes dos Poderes Executivo e Legislativo. O primeiro turno ocorrer\u00e1 em 4 de outubro, quando o eleitorado votar\u00e1 para presidente da Rep\u00fablica, governadores, senadores, deputados federais e deputados estaduais ou distritais.<\/p>\n<p>Caso nenhuma candidatura alcance os crit\u00e9rios necess\u00e1rios para vencer as disputas majorit\u00e1rias, o segundo turno ser\u00e1 realizado em 25 de outubro. A nova vota\u00e7\u00e3o envolver\u00e1 apenas as elei\u00e7\u00f5es para presidente e governador, conforme prev\u00ea o calend\u00e1rio eleitoral.<\/p>\n<p>A vota\u00e7\u00e3o acontecer\u00e1 das 8h \u00e0s 17h, pelo hor\u00e1rio de Bras\u00edlia, em todos os estados e no Distrito Federal. O eleitorado utilizar\u00e1 a urna eletr\u00f4nica para registrar seis votos em sequ\u00eancia durante o pleito.<\/p>\n<h2>Elei\u00e7\u00f5es 2026 ter\u00e3o seis votos e definir\u00e3o 54 senadores<\/h2>\n<p>A ordem de vota\u00e7\u00e3o come\u00e7ar\u00e1 pela escolha do deputado federal. Depois, o eleitor votar\u00e1 para deputado estadual ou distrital, senador da primeira vaga, senador da segunda vaga, governador e vice-governador e, por fim, presidente e vice-presidente da Rep\u00fablica.<\/p>\n<p>Na urna eletr\u00f4nica, o sistema apresentar\u00e1 o nome, a fotografia, o cargo disputado e a sigla partid\u00e1ria da candidata ou do candidato. A vota\u00e7\u00e3o poder\u00e1 ocorrer pelo n\u00famero da candidatura ou pela legenda do partido, conforme estabelece o artigo 142 da Resolu\u00e7\u00e3o TSE n\u00ba 23.751\/2026, que regulamenta os atos gerais do processo eleitoral de 2026.<\/p>\n<p>Nas elei\u00e7\u00f5es de 2026, o eleitorado escolher\u00e1 o presidente e o vice-presidente da Rep\u00fablica, al\u00e9m de 27 governadores e vice-governadores. A disputa tamb\u00e9m definir\u00e1 54 novos senadores, o equivalente a dois ter\u00e7os das cadeiras do Senado Federal.<\/p>\n<h2>C\u00e2mara ter\u00e1 513 vagas e candidatos seguir\u00e3o regras de idade<\/h2>\n<p>A C\u00e2mara dos Deputados ter\u00e1 a renova\u00e7\u00e3o das 513 vagas. J\u00e1 as assembleias legislativas estaduais e a C\u00e2mara Legislativa do Distrito Federal eleger\u00e3o novos parlamentares, com quantidade de cadeiras definida conforme cada unidade da Federa\u00e7\u00e3o.<\/p>\n<p>A legisla\u00e7\u00e3o eleitoral estabelece diferentes idades m\u00ednimas para os cargos em disputa. Candidatas e candidatos \u00e0 Presid\u00eancia da Rep\u00fablica, Vice-Presid\u00eancia e ao Senado Federal precisam ter, no m\u00ednimo, 35 anos.<\/p>\n<p>Para disputar os governos estaduais e o Distrito Federal, a idade m\u00ednima exigida \u00e9 de 30 anos. J\u00e1 os candidatos a deputado federal, estadual ou distrital devem ter pelo menos 21 anos.<\/p>\n<p>VEJA TAMB\u00c9M:<\/p>\n<\/div>","protected":false},"excerpt":{"rendered":"<p>Mais de 155 milh\u00f5es de eleitores brasileiros dever\u00e3o participar das Elei\u00e7\u00f5es Gerais de 2026 para escolher representantes dos Poderes Executivo&hellip;<\/p>\n","protected":false},"author":4,"featured_media":549308,"comment_status":"open","ping_status":"open","sticky":false,"template":"","format":"standard","meta":{"footnotes":""},"categories":[5],"tags":[],"class_list":["post-549550","post","type-post","status-publish","format-standard","has-post-thumbnail","hentry","category-politica"],"_links":{"self":[{"href":"https:\/\/villanews.com.br\/index.php?rest_route=\/wp\/v2\/posts\/549550","targetHints":{"allow":["GET"]}}],"collection":[{"href":"https:\/\/villanews.com.br\/index.php?rest_route=\/wp\/v2\/posts"}],"about":[{"href":"https:\/\/villanews.com.br\/index.php?rest_route=\/wp\/v2\/types\/post"}],"author":[{"embeddable":true,"href":"https:\/\/villanews.com.br\/index.php?rest_route=\/wp\/v2\/users\/4"}],"replies":[{"embeddable":true,"href":"https:\/\/villanews.com.br\/index.php?rest_route=%2Fwp%2Fv2%2Fcomments&post=549550"}],"version-history":[{"count":0,"href":"https:\/\/villanews.com.br\/index.php?rest_route=\/wp\/v2\/posts\/549550\/revisions"}],"wp:featuredmedia":[{"embeddable":true,"href":"https:\/\/villanews.com.br\/index.php?rest_route=\/wp\/v2\/media\/549308"}],"wp:attachment":[{"href":"https:\/\/villanews.com.br\/index.php?rest_route=%2Fwp%2Fv2%2Fmedia&parent=549550"}],"wp:term":[{"taxonomy":"category","embeddable":true,"href":"https:\/\/villanews.com.br\/index.php?rest_route=%2Fwp%2Fv2%2Fcategories&post=549550"},{"taxonomy":"post_tag","embeddable":true,"href":"https:\/\/villanews.com.br\/index.php?rest_route=%2Fwp%2Fv2%2Ftags&post=549550"}],"curies":[{"name":"wp","href":"https:\/\/api.w.org\/{rel}","templated":true}]}}