{"id":549459,"date":"2026-07-13T10:45:49","date_gmt":"2026-07-13T14:45:49","guid":{"rendered":"https:\/\/villanews.com.br\/?p=549459"},"modified":"2026-07-13T10:45:49","modified_gmt":"2026-07-13T14:45:49","slug":"congresso-entra-em-modo-eleicao-engaveta-cpmi-do-master-e-abandona-pecs-de-lula","status":"publish","type":"post","link":"https:\/\/villanews.com.br\/?p=549459","title":{"rendered":"Congresso entra em \u201cmodo elei\u00e7\u00e3o\u201d, engaveta CPMI do Master e abandona PECs de Lula"},"content":{"rendered":"<div class=\"postBody-module-scss-module__8_WGKG__postBodyContainer\">\n<p>O recesso parlamentar que come\u00e7a em 18 de julho n\u00e3o \u00e9 uma pausa comum. Em 2026, ele representa, na pr\u00e1tica, o ponto final da legislatura, ao menos no que diz respeito \u00e0 aprova\u00e7\u00e3o de mat\u00e9rias relevantes. O retorno formal dos trabalhos est\u00e1 previsto para 1\u00ba de agosto, mas o calend\u00e1rio eleitoral esvaziar\u00e1 os plen\u00e1rios da C\u00e2mara dos Deputados e do Senado durante a maior parte do segundo semestre.<\/p>\n<p>A avalia\u00e7\u00e3o dos analistas pol\u00edticos \u00e9 un\u00e2nime: projetos que n\u00e3o forem votados at\u00e9 17 de julho dificilmente ter\u00e3o aprova\u00e7\u00e3o antes das elei\u00e7\u00f5es de outubro.<\/p>\n<p>No meio desse cen\u00e1rio, o <a href=\"https:\/\/www.gazetadopovo.com.br\/sem-rodeios\/caso-master-dossie-reunia-dados-de-moraes-e-toffoli\/?ref=busca\">Caso Master segue como a sombra<\/a> mais pesada sobre o Congresso. A Pol\u00edcia Federal e o Supremo Tribunal Federal investigam o esquema envolvendo o Banco Master e o banqueiro Daniel Vorcaro, com ramifica\u00e7\u00f5es que alcan\u00e7am parlamentares da base governista, do Centr\u00e3o e da oposi\u00e7\u00e3o. O requerimento de abertura da Comiss\u00e3o Parlamentar Mista de Inqu\u00e9rito do Master acumula 281 assinaturas, 83 a mais do m\u00ednimo necess\u00e1rio, e foi protocolado h\u00e1 cinco meses e n\u00e3o tem data para ser lido.<\/p>\n<p>A combina\u00e7\u00e3o entre o recesso de julho, o calend\u00e1rio eleitoral e o embara\u00e7o pol\u00edtico gerado pelas investiga\u00e7\u00f5es criou um ambiente de paralisia consentida no Parlamento. As pautas priorit\u00e1rias do Planalto, entre elas as <a href=\"https:\/\/www.gazetadopovo.com.br\/republica\/alcolumbre-rebate-esquerda-e-critica-uso-eleitoral-da-pec-da-6-1\/?ref=busca\">PECs da jornada 6&#215;1<\/a> e da Seguran\u00e7a P\u00fablica, ambas com teor eleitoral claro, tampouco devem avan\u00e7ar. O governo, que precisava de vit\u00f3rias legislativas para usar como vitrine na campanha, entra no segundo semestre sem nenhuma delas garantida.<\/p>\n<p>O cientista pol\u00edtico Andr\u00e9 Rosa explica que o esvaziamento do Congresso em ano eleitoral \u00e9 estrutural e vai se repetir novamente.<\/p>\n<p>&#8220;O qu\u00f3rum no Congresso Nacional em ano eleitoral \u00e9 muito reduzido. No primeiro semestre ainda \u00e9 poss\u00edvel observar uma pauta mais agressiva. Mas no segundo semestre a tend\u00eancia \u00e9 que as vota\u00e7\u00f5es retornem s\u00f3 ap\u00f3s o m\u00eas de novembro&#8221;, explica.<\/p>\n<h2>Davi Alcolumbre \u00e9 quem d\u00e1 as cartas<\/h2>\n<p>O travamento das pautas do governo e o engavetamento da CPMI do Master t\u00eam um denominador comum: o presidente do Senado, Davi Alcolumbre (Uni\u00e3o-AP). \u00c9 dele a prerrogativa de pautar o plen\u00e1rio do Senado onde est\u00e3o as PECs da jornada 6&#215;1 e da <a href=\"https:\/\/www.gazetadopovo.com.br\/republica\/oposicao-investe-na-reducao-da-maioridade-penal-e-amplia-pressao-sobre-lula-na-seguranca\/?ref=busca\">Seguran\u00e7a P\u00fablica<\/a>, e tamb\u00e9m de presidir as sess\u00f5es do Congresso Nacional, f\u00f3rum pelo qual a CPMI do Master deve ser criada.<\/p>\n<p>Em maio, durante sess\u00e3o do Congresso, Alcolumbre recusou-se a ler o requerimento de abertura da comiss\u00e3o alegando que a PF j\u00e1 conduz as investiga\u00e7\u00f5es necess\u00e1rias, e que uma CPMI seria usada no Parlamento como palanque eleitoral. Na oportunidade, ele foi expl\u00edcito sobre sua autoridade no assunto.<\/p>\n<p>&#8220;As mat\u00e9rias do expediente ser\u00e3o objeto da leitura a ju\u00edzo do presidente. Portanto, o momento da leitura \u00e9 um ato discricion\u00e1rio. Esse assunto n\u00e3o pode ser o priorit\u00e1rio neste momento&#8221;, disse Davi Alcolumbre em 21 de maio, durante sess\u00e3o do Congresso Nacional.<\/p>\n<p>VEJA TAMB\u00c9M:<\/p>\n<h2>Pacto &#8216;me solta que eu te largo&#8217;<\/h2>\n<p>A iniciativa de solicitar a abertura da CPMI partiu do deputado Carlos Jordy (PL-RJ), que reuniu 281 assinaturas parlamentares. Mesmo assim, a mobiliza\u00e7\u00e3o n\u00e3o foi suficiente para convencer Alcolumbre a autorizar a instala\u00e7\u00e3o da comiss\u00e3o. Jordy n\u00e3o se deu por vencido e entrou com pedido de mandado de seguran\u00e7a no Supremo Tribunal Federal para garantir a abertura da CPMI. O pedido est\u00e1 sendo analisado pelo ministro Andr\u00e9 Mendon\u00e7a, respons\u00e1vel pelo Caso Master no Judici\u00e1rio, sem data para conclus\u00e3o.<\/p>\n<p>&#8220;A instala\u00e7\u00e3o da CPMI n\u00e3o \u00e9 um favor, \u00e9 um direito constitucional da minoria parlamentar. N\u00f3s vamos lutar at\u00e9 o fim para que esse direito seja respeitado e para que a investiga\u00e7\u00e3o aconte\u00e7a&#8221;, disse Carlos Jordy.<\/p>\n<p>Para o cientista pol\u00edtico Paulo Kramer, o que impede a instala\u00e7\u00e3o da CPMI n\u00e3o \u00e9 falta de apoio, mas o alcance das pr\u00f3prias investiga\u00e7\u00f5es. O caso Master atingiu parlamentares de praticamente todos os campos pol\u00edticos: da base governista, como o senador Jaques Wagner (PT-BA), do Centr\u00e3o, como o senador Ciro Nogueira (PP-PI) e o presidente da C\u00e2mara, Hugo Motta (Republicanos-PB). Bras\u00edlia vive, segundo ele, um paradoxo: o esc\u00e2ndalo justifica a comiss\u00e3o ao mesmo tempo que aterroriza quem deveria conduzi-la.<\/p>\n<p>&#8220;Quando um esc\u00e2ndalo \u00e9 t\u00e3o grande a ponto de envolver um amplo espectro de parlamentares, infelizmente, isso enseja o chamado pacto do &#8216;me solta que eu te largo'&#8221;, disse Kramer. A express\u00e3o \u00e9 usada para apontar falsa valentia entre as partes envolvidas.<\/p>\n<p>&#8220;Mesmo assim, eu chamaria aten\u00e7\u00e3o para os persistentes esfor\u00e7os das lideran\u00e7as da oposi\u00e7\u00e3o e da minoria para impedir o sepultamento das investiga\u00e7\u00f5es&#8221;, afirma.<\/p>\n<h2>Jaques Wagner liga caso Master ao governo Lula<\/h2>\n<p>A base governista tem sustentado publicamente o discurso favor\u00e1vel \u00e0 instala\u00e7\u00e3o da CPMI do Master, mas o entusiasmo murchou visivelmente ap\u00f3s o envolvimento de <a href=\"https:\/\/www.gazetadopovo.com.br\/republica\/quem-e-o-senador-que-teria-tratado-da-emenda-master-com-aliado-de-vorcaro\/?ref=busca\">Jaques Wagner com Daniel Vorcaro<\/a> vir a p\u00fablico.<\/p>\n<p>A PF investiga se o petista, ent\u00e3o l\u00edder do governo no Senado, recebeu benef\u00edcios ilegais do banqueiro: um apartamento de R$ 2,45 milh\u00f5es em Salvador, uso de jatos particulares, ingressos para shows internacionais e repasses que somam R$ 3,5 milh\u00f5es para empresas ligadas \u00e0 sua fam\u00edlia. Os investigadores avaliam que esses benef\u00edcios eram contrapartidas por favores pol\u00edticos no Congresso.<\/p>\n<p>Em 18 de julho, a bancada do PT na C\u00e2mara emitiu nota assinada pelo l\u00edder Pedro Uczai (PT-SC) defendendo a presun\u00e7\u00e3o de inoc\u00eancia de Wagner e reiterando que a instala\u00e7\u00e3o da CPMI \u00e9 &#8220;necess\u00e1ria&#8221;. Para Kramer, por\u00e9m, o discurso oficial do PT n\u00e3o corresponde ao comportamento real da bancada.<\/p>\n<p>&#8220;Quem demonstra uma n\u00edtida voca\u00e7\u00e3o para &#8216;coveiro&#8217; s\u00e3o os parlamentares governistas, que enterraram a CPMI do INSS justo no momento em que come\u00e7avam a surgir evid\u00eancias do envolvimento do Master naquele esc\u00e2ndalo&#8221;, lembra.<\/p>\n<p>A leitura dos analistas \u00e9 que o Congresso de 2026 n\u00e3o ser\u00e1 paralisado apenas pelo recesso parlamentar. Ser\u00e1 paralisado pelo Caso Master, pelo calend\u00e1rio eleitoral e pela desconfian\u00e7a m\u00fatua entre governo e oposi\u00e7\u00e3o.<\/p>\n<p>O recesso de julho \u00e9 apenas o nome formal para algo que j\u00e1 ocorria h\u00e1 semanas: um Parlamento em modo de espera, sem disposi\u00e7\u00e3o para resolver o que \u00e9 controverso e sem coragem para assumir o que \u00e9 urgente.<\/p>\n<p>&#8220;Esse \u00e9 s\u00f3 mais um exemplo do absurdo regimental que permite aos presidentes das duas Casas engavetar, protelar iniciativas que contam com apoio esmagador dos seus pares. Para corrigir tamanha distor\u00e7\u00e3o \u00e9 necess\u00e1rio que o povo eleja senadores e deputados federais realmente comprometidos com o fim desses abusos&#8221;, acredita Paulo Kramer.<\/p>\n<\/div>","protected":false},"excerpt":{"rendered":"<p>O recesso parlamentar que come\u00e7a em 18 de julho n\u00e3o \u00e9 uma pausa comum. Em 2026, ele representa, na pr\u00e1tica,&hellip;<\/p>\n","protected":false},"author":4,"featured_media":549310,"comment_status":"open","ping_status":"open","sticky":false,"template":"","format":"standard","meta":{"footnotes":""},"categories":[5],"tags":[],"class_list":["post-549459","post","type-post","status-publish","format-standard","has-post-thumbnail","hentry","category-politica"],"_links":{"self":[{"href":"https:\/\/villanews.com.br\/index.php?rest_route=\/wp\/v2\/posts\/549459","targetHints":{"allow":["GET"]}}],"collection":[{"href":"https:\/\/villanews.com.br\/index.php?rest_route=\/wp\/v2\/posts"}],"about":[{"href":"https:\/\/villanews.com.br\/index.php?rest_route=\/wp\/v2\/types\/post"}],"author":[{"embeddable":true,"href":"https:\/\/villanews.com.br\/index.php?rest_route=\/wp\/v2\/users\/4"}],"replies":[{"embeddable":true,"href":"https:\/\/villanews.com.br\/index.php?rest_route=%2Fwp%2Fv2%2Fcomments&post=549459"}],"version-history":[{"count":0,"href":"https:\/\/villanews.com.br\/index.php?rest_route=\/wp\/v2\/posts\/549459\/revisions"}],"wp:featuredmedia":[{"embeddable":true,"href":"https:\/\/villanews.com.br\/index.php?rest_route=\/wp\/v2\/media\/549310"}],"wp:attachment":[{"href":"https:\/\/villanews.com.br\/index.php?rest_route=%2Fwp%2Fv2%2Fmedia&parent=549459"}],"wp:term":[{"taxonomy":"category","embeddable":true,"href":"https:\/\/villanews.com.br\/index.php?rest_route=%2Fwp%2Fv2%2Fcategories&post=549459"},{"taxonomy":"post_tag","embeddable":true,"href":"https:\/\/villanews.com.br\/index.php?rest_route=%2Fwp%2Fv2%2Ftags&post=549459"}],"curies":[{"name":"wp","href":"https:\/\/api.w.org\/{rel}","templated":true}]}}