{"id":549328,"date":"2026-07-13T07:32:54","date_gmt":"2026-07-13T11:32:54","guid":{"rendered":"https:\/\/villanews.com.br\/?p=549328"},"modified":"2026-07-13T07:32:54","modified_gmt":"2026-07-13T11:32:54","slug":"pre-candidatos-ao-governo-%c2%91patinam%c2%92-na-escolha-do-vice","status":"publish","type":"post","link":"https:\/\/villanews.com.br\/?p=549328","title":{"rendered":"Pr\u00e9-candidatos ao governo \u0091patinam\u0092 na escolha do vice"},"content":{"rendered":"<div><img decoding=\"async\" src=\"https:\/\/jornaldematogrosso.com.br\/imagens\/658x420\/posts\/2026\/07\/139157_wellington-pivetta-jayme-jpg.jpg\" \/>\n<div>\n<p>Faltando sete dias para o in\u00edcio das conven\u00e7\u00f5es partid\u00e1rias, os principais pr\u00e9-candidatos ao governo do Estado ainda afunilaram as discuss\u00f5es e nomes para a composi\u00e7\u00e3o ao cargo de vice na chapa majorit\u00e1ria. Dos 4 principais nomes, apenas o atual governador Otaviano Pivetta (Republicanos) avan\u00e7ou com pesquisas qualitativas que testaram poss\u00edveis nomes. J\u00e1 os senadores Wellington Fagundes (PL), Jayme Campos (Uni\u00e3o), e a m\u00e9dica Natasha Slhessarenko (PSD), ainda engatinham na busca por um perfil.<\/p>\n\n<p>A reportagem apurou que Pivetta j\u00e1 vem testando nomes em pesquisas qualitativas. Nela, o nome que vem sobressaindo \u00e9 do deputado federal F\u00e1bio Garcia (Uni\u00e3o), que, por enquanto, foca em sua reelei\u00e7\u00e3o. Na pesquisa interna, o nome de Garcia foi o mais bem aceito, superando os nomes das suplentes Gisela Simona (Uni\u00e3o) e Margareth Buzetti (PP). \u0093A pesquisa qualitativa em que nomes foram testados mostrou que o deputado F\u00e1bio Garcia \u00e9 bem aceito como vice do governador Pivetta. \u00c9 do mesmo grupo, tem uma identidade ligada ao grupo e do ex-governador Mauro Mendes (Uni\u00e3o) e \u00e9 jovem e da Cuiabania. Ent\u00e3o ele vem se saindo bem como poss\u00edvel vice\u0094, disse membro do entorno do governador que pediu para n\u00e3o ser identificado.<\/p>\n<p>A vantagem de Garcia sobre os demais nomes tamb\u00e9m ocorre por conta de sua for\u00e7a pol\u00edtica, j\u00e1 que conseguiu ampliar a sua base eleitoral pelos quase 3 anos que atuou como secret\u00e1rio-chefe da Casa Civil do segundo governo Mauro Mendes (Uni\u00e3o). \u0093O F\u00e1bio conseguiu muito apoio de prefeitos para a sua reelei\u00e7\u00e3o. Ele fez um bom trabalho na Casa Civil, atendendo e ajudando esses prefeitos. Ent\u00e3o ele tem uma for\u00e7a pol\u00edtica significativa e que pode ajudar o Pivetta\u0094, avaliou o interlocutor. Outro fator que tamb\u00e9m pesa para a escolha de F\u00e1bio \u00e9 o fato da ex-primeira-dama Virg\u00ednia Mendes (Uni\u00e3o) disputar a C\u00e2mara Federal.<\/p>\n<p>Garcia \u00e9 considerado afilhado pol\u00edtico de Mauro, e, uma eventual candidatura dos dois para o mesmo cargo, poderia prejudicar um ao outro. Apesar da vantagem, os nomes de Gisela e Margareth seguem como op\u00e7\u00f5es para vice. Outras duas possibilidades tamb\u00e9m se encontram na mesa: A poss\u00edvel indica\u00e7\u00e3o pelo Podemos ou PL. No caso do Podemos, a indica\u00e7\u00e3o seria do presidente da Assembleia Legislativa (ALMT), Max Russi (Pode), que se tornou uma pot\u00eancia pol\u00edtica com o crescimento da sigla.<\/p>\n<p>Entre os nomes citados recentemente seria das vereadoras de Cuiab\u00e1, Kati\u00fascia Mantelli e Dra. Mara, ou a de V\u00e1rzea Grande, Gisa Barros. J\u00e1 o PL seria a indica\u00e7\u00e3o mais remota. Isso porque o governador ainda aguarda a defini\u00e7\u00e3o nacional entre o Republicanos e PL, envolvendo a candidatura a presidente do senador Fl\u00e1vio Bolsonaro (PL\/RJ).<\/p>\n<p>O Republicanos condiciona o apoio a Fl\u00e1vio j\u00e1 no primeiro turno, caso a sigla apoie as candidaturas da sigla em Mato Grosso, Espirito Santo, Minas Gerais e Acre. Caso o PL aceite, o partido retiraria a candidatura pr\u00f3pria e indicaria o vice. Um nome considerado \u0091dos sonhos\u0092 por Pivetta \u00e9 da vereadora e primeira-dama de Cuiab\u00e1, Samantha Iris (PL). Outra possibilidade, na conjuntura atual, \u00e9 o empres\u00e1rio Marcelo Maluf (Novo), pr\u00e9-candidato ao governo, compor como vice na chapa encabe\u00e7ada por Fagundes.<\/p>\n<p><\/p>\n\n<\/div>\n<\/div>","protected":false},"excerpt":{"rendered":"<p>Faltando sete dias para o in\u00edcio das conven\u00e7\u00f5es partid\u00e1rias, os principais pr\u00e9-candidatos ao governo do Estado ainda afunilaram as discuss\u00f5es&hellip;<\/p>\n","protected":false},"author":4,"featured_media":549329,"comment_status":"open","ping_status":"open","sticky":false,"template":"","format":"standard","meta":{"footnotes":""},"categories":[204],"tags":[],"class_list":["post-549328","post","type-post","status-publish","format-standard","has-post-thumbnail","hentry","category-ultimas-noticias"],"_links":{"self":[{"href":"https:\/\/villanews.com.br\/index.php?rest_route=\/wp\/v2\/posts\/549328","targetHints":{"allow":["GET"]}}],"collection":[{"href":"https:\/\/villanews.com.br\/index.php?rest_route=\/wp\/v2\/posts"}],"about":[{"href":"https:\/\/villanews.com.br\/index.php?rest_route=\/wp\/v2\/types\/post"}],"author":[{"embeddable":true,"href":"https:\/\/villanews.com.br\/index.php?rest_route=\/wp\/v2\/users\/4"}],"replies":[{"embeddable":true,"href":"https:\/\/villanews.com.br\/index.php?rest_route=%2Fwp%2Fv2%2Fcomments&post=549328"}],"version-history":[{"count":0,"href":"https:\/\/villanews.com.br\/index.php?rest_route=\/wp\/v2\/posts\/549328\/revisions"}],"wp:featuredmedia":[{"embeddable":true,"href":"https:\/\/villanews.com.br\/index.php?rest_route=\/wp\/v2\/media\/549329"}],"wp:attachment":[{"href":"https:\/\/villanews.com.br\/index.php?rest_route=%2Fwp%2Fv2%2Fmedia&parent=549328"}],"wp:term":[{"taxonomy":"category","embeddable":true,"href":"https:\/\/villanews.com.br\/index.php?rest_route=%2Fwp%2Fv2%2Fcategories&post=549328"},{"taxonomy":"post_tag","embeddable":true,"href":"https:\/\/villanews.com.br\/index.php?rest_route=%2Fwp%2Fv2%2Ftags&post=549328"}],"curies":[{"name":"wp","href":"https:\/\/api.w.org\/{rel}","templated":true}]}}