{"id":549188,"date":"2026-07-13T08:12:01","date_gmt":"2026-07-13T12:12:01","guid":{"rendered":"https:\/\/villanews.com.br\/?p=549188"},"modified":"2026-07-13T08:12:01","modified_gmt":"2026-07-13T12:12:01","slug":"ajax-encaminha-contratacao-de-marcos-leonardo-por-r-150-milhoes","status":"publish","type":"post","link":"https:\/\/villanews.com.br\/?p=549188","title":{"rendered":"Ajax encaminha contrata\u00e7\u00e3o de Marcos Leonardo por R$ 150 milh\u00f5es"},"content":{"rendered":"<article class=\"mb-12\">\n<h2>Aos 23 anos, Marcos Leonardo viveu boa temporada pelo Al Hilal e agora est\u00e1 pr\u00f3ximo de refor\u00e7ar o clube holand\u00eas<\/h2>\n<p><img decoding=\"async\" src=\"https:\/\/media-manager.noticiasaominuto.com.br\/960\/naom_6863ed3c1aaab.webp?crop_params=eyJsYW5kc2NhcGUiOnsiY3JvcFdpZHRoIjoxNTg0LCJjcm9wSGVpZ2h0Ijo4OTEsImNyb3BYIjo3MDYsImNyb3BZIjoxNzF9fQ==\" \/><\/p>\n<p>\u00a9 Getty<\/p>\n<p><img decoding=\"async\" src=\"https:\/\/noticiasaominutobr-img.com\/team\/naom.png\" \/><\/p>\n<p><span><br \/>\n                    13\/07\/2026 09:12 \u2027<br \/>\n                    h\u00e1 1 hora<br \/>\n                    por Folhapress<br \/>\n                <\/span><\/p>\n<p>\n                        Esporte\n                    <\/p>\n<p>\n                                                    Neg\u00f3cios\n                                            <\/p>\n<div class=\"article-content mb-24 font-slab text-paragraph font-light\">\n<p><span>S<\/span>\u00c3O PAULO, SP (UOL\/FOLHAPRESS) &#8211; O Ajax est\u00e1 perto de acertar a contrata\u00e7\u00e3o do atacante Marcos Leonardo, do Al Hilal.\u00a0A negocia\u00e7\u00e3o entre os clubes est\u00e1 em fase final e deve ser conclu\u00edda por cerca de R$ 150 milh\u00f5es, segundo apurou o UOL. A informa\u00e7\u00e3o inicial \u00e9 da ESPN.<\/p>\n<p>                                                                    \u00a0<\/p>\n<p>A transfer\u00eancia marca o retorno do brasileiro ao futebol europeu menos de dois anos ap\u00f3s deixar o Benfica rumo ao futebol saudita. Aos 23 anos, Marcos Leonardo viveu boa temporada pelo Al Hilal e agora est\u00e1 pr\u00f3ximo de refor\u00e7ar o clube holand\u00eas.<\/p>\n<p>O nome do atacante esteve muito perto do S\u00e3o Paulo em setembro do ano passado. Na ocasi\u00e3o, o Tricolor avan\u00e7ou nas conversas com o Al Hilal por um empr\u00e9stimo, contando com o desejo do jogador de atuar no Morumbis, mas n\u00e3o houve acordo entre os clubes, principalmente por quest\u00f5es financeiras.<\/p>\n<p>Marcos Leonardo \u00e9 o segundo brasileiro contratado pelo Ajax nesta janela. Ele ser\u00e1 companheiro de Caio Henrique, lateral-esquerdo rec\u00e9m-contratado junto ao Monaco.<\/p>\n<p>Leia Tamb\u00e9m: <a href=\"https:\/\/www.noticiasaominuto.com.br\/esporte\/2397066\/grando-pega-dois-penaltis-e-gremio-vence-cruzeiro-em-amistoso-quente\">Grando pega dois p\u00eanaltis, e Gr\u00eamio vence Cruzeiro em amistoso quente<\/a><\/p>\n<\/div>\n<p><a href=\"https:\/\/www.google.com\/preferences\/source?q=noticiasaominuto.com.br\"><\/a><\/p>\n<p><strong>Escolha o Not\u00edcias ao Minuto como fonte preferida no Google<\/strong><br \/>\n<span><br \/>\n        Receba as nossas not\u00edcias com mais destaque sempre que pesquisar no Google.<br \/>\n    <\/span> <\/p><\/article>","protected":false},"excerpt":{"rendered":"<p>Aos 23 anos, Marcos Leonardo viveu boa temporada pelo Al Hilal e agora est\u00e1 pr\u00f3ximo de refor\u00e7ar o clube holand\u00eas&hellip;<\/p>\n","protected":false},"author":4,"featured_media":549189,"comment_status":"open","ping_status":"open","sticky":false,"template":"","format":"standard","meta":{"footnotes":""},"categories":[6],"tags":[],"class_list":["post-549188","post","type-post","status-publish","format-standard","has-post-thumbnail","hentry","category-esportes"],"_links":{"self":[{"href":"https:\/\/villanews.com.br\/index.php?rest_route=\/wp\/v2\/posts\/549188","targetHints":{"allow":["GET"]}}],"collection":[{"href":"https:\/\/villanews.com.br\/index.php?rest_route=\/wp\/v2\/posts"}],"about":[{"href":"https:\/\/villanews.com.br\/index.php?rest_route=\/wp\/v2\/types\/post"}],"author":[{"embeddable":true,"href":"https:\/\/villanews.com.br\/index.php?rest_route=\/wp\/v2\/users\/4"}],"replies":[{"embeddable":true,"href":"https:\/\/villanews.com.br\/index.php?rest_route=%2Fwp%2Fv2%2Fcomments&post=549188"}],"version-history":[{"count":0,"href":"https:\/\/villanews.com.br\/index.php?rest_route=\/wp\/v2\/posts\/549188\/revisions"}],"wp:featuredmedia":[{"embeddable":true,"href":"https:\/\/villanews.com.br\/index.php?rest_route=\/wp\/v2\/media\/549189"}],"wp:attachment":[{"href":"https:\/\/villanews.com.br\/index.php?rest_route=%2Fwp%2Fv2%2Fmedia&parent=549188"}],"wp:term":[{"taxonomy":"category","embeddable":true,"href":"https:\/\/villanews.com.br\/index.php?rest_route=%2Fwp%2Fv2%2Fcategories&post=549188"},{"taxonomy":"post_tag","embeddable":true,"href":"https:\/\/villanews.com.br\/index.php?rest_route=%2Fwp%2Fv2%2Ftags&post=549188"}],"curies":[{"name":"wp","href":"https:\/\/api.w.org\/{rel}","templated":true}]}}