{"id":549149,"date":"2026-07-13T07:22:22","date_gmt":"2026-07-13T11:22:22","guid":{"rendered":"https:\/\/villanews.com.br\/?p=549149"},"modified":"2026-07-13T07:22:22","modified_gmt":"2026-07-13T11:22:22","slug":"nikolas-reforca-apoio-a-flavio-e-defende-uniao-no-pl-apos-carta-de-jair-bolsonaro","status":"publish","type":"post","link":"https:\/\/villanews.com.br\/?p=549149","title":{"rendered":"Nikolas refor\u00e7a apoio a Fl\u00e1vio e defende uni\u00e3o no PL ap\u00f3s carta de Jair Bolsonaro"},"content":{"rendered":"<div class=\"postBody-module-scss-module__8_WGKG__postBodyContainer\">\n<p>O deputado federal Nikolas Ferreira (PL-MG) comentou neste domingo (12) a carta divulgada pelo ex-presidente Jair Bolsonaro e reafirmou apoio ao projeto da candidatura do senador Fl\u00e1vio Bolsonaro (PL-RJ) \u00e0 Presid\u00eancia da Rep\u00fablica. Em publica\u00e7\u00e3o nas redes sociais, o parlamentar defendeu a uni\u00e3o do grupo pol\u00edtico e criticou integrantes que, segundo ele, ignoram os apelos feitos por Bolsonaro.<\/p>\n<p>&#8220;Ali\u00e1s, essa j\u00e1 \u00e9 a segunda vez que o presidente pede publicamente uni\u00e3o, maturidade e que diferen\u00e7as pessoais sejam deixadas de lado em nome de algo maior. Infelizmente, alguns parecem n\u00e3o conseguir obedecer nem mesmo o l\u00edder que dizem seguir&#8221;, afirmou Nikolas Ferreira.<\/p>\n<p>O deputado tamb\u00e9m declarou que permanece alinhado ao projeto defendido pelo ex-presidente. &#8220;Da nossa parte, n\u00e3o haver\u00e1 espa\u00e7o para vaidade, disputa interna ou ressentimentos. O foco \u00e9 um s\u00f3: o projeto que Jair Bolsonaro escolheu apoiar e que n\u00f3s tamb\u00e9m apoiamos&#8221;, declarou.<\/p>\n<h2>Carta de Bolsonaro pede fim das diverg\u00eancias e declara apoio a Fl\u00e1vio<\/h2>\n<p>A carta de Bolsonaro foi lida por Fl\u00e1vio Bolsonaro durante uma transmiss\u00e3o ao vivo no YouTube, realizada no s\u00e1bado (11). De acordo com o senador, o ex-presidente entregou o documento durante uma visita feita pela manh\u00e3 do mesmo dia. No texto, Bolsonaro afirma que o grupo pol\u00edtico precisa superar diverg\u00eancias internas e preservar a unidade.<\/p>\n<p>Na mensagem, o ex-presidente afirma que o pa\u00eds atravessa um momento decisivo e pede apoio \u00e0 pr\u00e9-candidatura de Fl\u00e1vio Bolsonaro ao Pal\u00e1cio do Planalto. Em seguida, apresenta o filho como seu representante pol\u00edtico. &#8220;Meu pr\u00e9-candidato, creio que o seu tamb\u00e9m, meu porta-voz, no qual confio para resgatar o Brasil e nos conduzir para a paz e a prosperidade&#8221;, diz trecho da carta.<\/p>\n<p>A divulga\u00e7\u00e3o do documento ocorreu poucos dias ap\u00f3s a exposi\u00e7\u00e3o p\u00fablica de um desentendimento entre Fl\u00e1vio Bolsonaro e a ex-primeira-dama Michelle Bolsonaro. Michelle publicou um v\u00eddeo nas redes sociais no qual relatou diverg\u00eancias com o enteado.<\/p>\n<p>O impasse teve origem em discuss\u00f5es sobre acordos pol\u00edticos do PL, entre eles o apoio da legenda ao ex-ministro da Fazenda Ciro Gomes (PSDB), pr\u00e9-candidato ao governo do Cear\u00e1.<\/p>\n<p>VEJA TAMB\u00c9M:<\/p>\n<\/div>","protected":false},"excerpt":{"rendered":"<p>O deputado federal Nikolas Ferreira (PL-MG) comentou neste domingo (12) a carta divulgada pelo ex-presidente Jair Bolsonaro e reafirmou apoio&hellip;<\/p>\n","protected":false},"author":4,"featured_media":548857,"comment_status":"open","ping_status":"open","sticky":false,"template":"","format":"standard","meta":{"footnotes":""},"categories":[5],"tags":[],"class_list":["post-549149","post","type-post","status-publish","format-standard","has-post-thumbnail","hentry","category-politica"],"_links":{"self":[{"href":"https:\/\/villanews.com.br\/index.php?rest_route=\/wp\/v2\/posts\/549149","targetHints":{"allow":["GET"]}}],"collection":[{"href":"https:\/\/villanews.com.br\/index.php?rest_route=\/wp\/v2\/posts"}],"about":[{"href":"https:\/\/villanews.com.br\/index.php?rest_route=\/wp\/v2\/types\/post"}],"author":[{"embeddable":true,"href":"https:\/\/villanews.com.br\/index.php?rest_route=\/wp\/v2\/users\/4"}],"replies":[{"embeddable":true,"href":"https:\/\/villanews.com.br\/index.php?rest_route=%2Fwp%2Fv2%2Fcomments&post=549149"}],"version-history":[{"count":0,"href":"https:\/\/villanews.com.br\/index.php?rest_route=\/wp\/v2\/posts\/549149\/revisions"}],"wp:featuredmedia":[{"embeddable":true,"href":"https:\/\/villanews.com.br\/index.php?rest_route=\/wp\/v2\/media\/548857"}],"wp:attachment":[{"href":"https:\/\/villanews.com.br\/index.php?rest_route=%2Fwp%2Fv2%2Fmedia&parent=549149"}],"wp:term":[{"taxonomy":"category","embeddable":true,"href":"https:\/\/villanews.com.br\/index.php?rest_route=%2Fwp%2Fv2%2Fcategories&post=549149"},{"taxonomy":"post_tag","embeddable":true,"href":"https:\/\/villanews.com.br\/index.php?rest_route=%2Fwp%2Fv2%2Ftags&post=549149"}],"curies":[{"name":"wp","href":"https:\/\/api.w.org\/{rel}","templated":true}]}}