{"id":549055,"date":"2026-07-13T06:40:00","date_gmt":"2026-07-13T10:40:00","guid":{"rendered":"https:\/\/villanews.com.br\/?p=549055"},"modified":"2026-07-13T06:40:00","modified_gmt":"2026-07-13T10:40:00","slug":"ex-sao-paulo-crespo-encerra-conversas-com-al-sadd-e-segue-livre-no-mercado","status":"publish","type":"post","link":"https:\/\/villanews.com.br\/?p=549055","title":{"rendered":"Ex-S\u00e3o Paulo, Crespo encerra conversas com Al-Sadd e segue livre no mercado"},"content":{"rendered":"<article class=\"mb-12\">\n<h2>As tratativas entre Crespo e o Al-Sadd, do Qatar, se arrastavam havia semanas, mas acabou sem um desfecho<\/h2>\n<p><img decoding=\"async\" src=\"https:\/\/media-manager.noticiasaominuto.com.br\/960\/naom_672bdb16d4db7.webp\" \/><\/p>\n<p>\u00a9 Getty Images<\/p>\n<p><img decoding=\"async\" src=\"https:\/\/noticiasaominutobr-img.com\/team\/naom.png\" \/><\/p>\n<p><span><br \/>\n                    13\/07\/2026 07:40 \u2027<br \/>\n                    h\u00e1 2 horas<br \/>\n                    por Folhapress<br \/>\n                <\/span><\/p>\n<p>\n                        Esporte\n                    <\/p>\n<p>\n<a href=\"https:\/\/www.noticiasaominuto.com.br\/esporte\/tag\/futebol\"><br \/>\n                                Futebol<br \/>\n                            <\/a>\n<\/p>\n<div class=\"article-content mb-24 font-slab text-paragraph font-light\">\n<p><span>S<\/span>\u00c3O PAULO, SP (UOL\/FOLHAPRESS) &#8211; As negocia\u00e7\u00f5es entre Hern\u00e1n Crespo e o Al-Sadd, do Qatar, foram encerradas.\u00a0A reportagem apurou que o staff do treinador argentino decidiu se retirar das conversas ap\u00f3s as partes n\u00e3o chegarem a um acordo nas \u00faltimas bases contratuais.<\/p>\n<p>                                                                    \u00a0<\/p>\n<p>As tratativas entre Crespo e o clube qatari se arrastavam havia semanas. As conversas caminhavam bem em um primeiro momento, mas enfrentaram resist\u00eancia do argentino diante das condi\u00e7\u00f5es colocadas \u00e0 mesa.<\/p>\n<p>Livre no mercado desde junho, Crespo segue avaliando novas oportunidades para a sequ\u00eancia da carreira. O treinador ainda desperta interesse de clubes do exterior.<\/p>\n<p>Como o UOL mostrou no fim de junho, Crespo negociava para assumir o Al-Sadd e substituir Roberto Mancini no comando da equipe.<\/p>\n<p>Crespo est\u00e1 livre no mercado desde mar\u00e7o, quando foi demitido pelo S\u00e3o Paulo. Como o UOL mostrou \u00e0 \u00e9poca, a diretoria decidiu pela troca no comando ap\u00f3s uma sequ\u00eancia de diverg\u00eancias internas sobre o planejamento da temporada e o dia a dia no CT da Barra Funda. O argentino deixou o clube em sua segunda passagem com 46 jogos, 21 vit\u00f3rias, sete empates e 18 derrotas.<\/p>\n<p>Leia Tamb\u00e9m: <a href=\"https:\/\/www.noticiasaominuto.com.br\/esporte\/2397068\/diniz-espera-resposta-sobre-memphis-e-aprova-arthur-e-wesley-no-corinthians\">Diniz espera resposta sobre Memphis e aprova Arthur e Wesley no Corinthians<\/a><\/p>\n<\/div>\n<p><a href=\"https:\/\/www.google.com\/preferences\/source?q=noticiasaominuto.com.br\"><\/a><\/p>\n<p><strong>Escolha o Not\u00edcias ao Minuto como fonte preferida no Google<\/strong><br \/>\n<span><br \/>\n        Receba as nossas not\u00edcias com mais destaque sempre que pesquisar no Google.<br \/>\n    <\/span> <\/p><\/article>","protected":false},"excerpt":{"rendered":"<p>As tratativas entre Crespo e o Al-Sadd, do Qatar, se arrastavam havia semanas, mas acabou sem um desfecho \u00a9 Getty&hellip;<\/p>\n","protected":false},"author":4,"featured_media":549056,"comment_status":"open","ping_status":"open","sticky":false,"template":"","format":"standard","meta":{"footnotes":""},"categories":[6],"tags":[],"class_list":["post-549055","post","type-post","status-publish","format-standard","has-post-thumbnail","hentry","category-esportes"],"_links":{"self":[{"href":"https:\/\/villanews.com.br\/index.php?rest_route=\/wp\/v2\/posts\/549055","targetHints":{"allow":["GET"]}}],"collection":[{"href":"https:\/\/villanews.com.br\/index.php?rest_route=\/wp\/v2\/posts"}],"about":[{"href":"https:\/\/villanews.com.br\/index.php?rest_route=\/wp\/v2\/types\/post"}],"author":[{"embeddable":true,"href":"https:\/\/villanews.com.br\/index.php?rest_route=\/wp\/v2\/users\/4"}],"replies":[{"embeddable":true,"href":"https:\/\/villanews.com.br\/index.php?rest_route=%2Fwp%2Fv2%2Fcomments&post=549055"}],"version-history":[{"count":0,"href":"https:\/\/villanews.com.br\/index.php?rest_route=\/wp\/v2\/posts\/549055\/revisions"}],"wp:featuredmedia":[{"embeddable":true,"href":"https:\/\/villanews.com.br\/index.php?rest_route=\/wp\/v2\/media\/549056"}],"wp:attachment":[{"href":"https:\/\/villanews.com.br\/index.php?rest_route=%2Fwp%2Fv2%2Fmedia&parent=549055"}],"wp:term":[{"taxonomy":"category","embeddable":true,"href":"https:\/\/villanews.com.br\/index.php?rest_route=%2Fwp%2Fv2%2Fcategories&post=549055"},{"taxonomy":"post_tag","embeddable":true,"href":"https:\/\/villanews.com.br\/index.php?rest_route=%2Fwp%2Fv2%2Ftags&post=549055"}],"curies":[{"name":"wp","href":"https:\/\/api.w.org\/{rel}","templated":true}]}}