{"id":548356,"date":"2026-07-12T21:11:51","date_gmt":"2026-07-13T01:11:51","guid":{"rendered":"https:\/\/villanews.com.br\/?p=548356"},"modified":"2026-07-12T21:11:51","modified_gmt":"2026-07-13T01:11:51","slug":"greve-de-caminhoneiros-lider-da-categoria-anuncia-paralisacao-nesta-segunda-feira","status":"publish","type":"post","link":"https:\/\/villanews.com.br\/?p=548356","title":{"rendered":"Greve de caminhoneiros? L\u00edder da categoria anuncia paralisa\u00e7\u00e3o nesta segunda-feira"},"content":{"rendered":"<div class=\"postBody-module-scss-module__8_WGKG__postBodyContainer\">\n<p>O\u00a0presidente da Associa\u00e7\u00e3o Brasileira dos Condutores de Ve\u00edculos Automotores (Abrava), Wallace Landim, conhecido como Chor\u00e3o, disse que caminhoneiros de todo o pa\u00eds devem parar a partir da 0h desta segunda-feira (13). De acordo com ele, em um v\u00eddeo em que mobiliza os colegas, a movimenta\u00e7\u00e3o deve ser localizada nos portos.<\/p>\n<p>Segundo o dirigente da Abrava, o objetivo \u00e9 <a href=\"https:\/\/www.gazetadopovo.com.br\/republica\/caminhoneiros-ameacam-greve-culpam-alcolumbre-atraso-mp-frete\/\">pressionar o presidente do Senado<\/a>, Davi Alcolumbre (Uni\u00e3o-AP), a colocar em vota\u00e7\u00e3o a Medida Provis\u00f3ria\u00a0do Frete (MP\u00a01.343\/2026)\u00a0antes do fim do prazo de vig\u00eancia, em 16 de julho.<\/p>\n<p>\u201cDuas semanas a gente vem lutando e, at\u00e9 agora, nada. A gente vai acompanhar em todos os cen\u00e1rios nacionais como fez em 2018. Esta paralisa\u00e7\u00e3o n\u00e3o \u00e9 o Chor\u00e3o, n\u00e3o \u00e9 o Z\u00e9 Trov\u00e3o, \u00e9 o presidente do senado, Davi Alcolumbre. N\u00e3o vamos aceitar perder esta MP, n\u00e3o vamos aceitar caducar\u201d, declarou Chor\u00e3o.<\/p>\n<p>A paralisa\u00e7\u00e3o, no entanto, n\u00e3o seria um consenso no meio. A Confedera\u00e7\u00e3o Nacional dos Transportadores Aut\u00f4nomos (CNTA), disse, em nota enviada \u00e0\u00a0<strong>Gazeta do Povo<\/strong>, que a entidade acompanhou com preocupa\u00e7\u00e3o a demora na vota\u00e7\u00e3o da medida provis\u00f3ria e que compreende a insatisfa\u00e7\u00e3o dos caminhoneiros com a falta de defini\u00e7\u00e3o no Senado.\u00a0<\/p>\n<p>Mas, apesar disso, sua disposi\u00e7\u00e3o at\u00e9 a sexta-feira era de manter di\u00e1logo. &#8220;Quanto \u00e0 decis\u00e3o de eventual paralisa\u00e7\u00e3o, \u00e9 prerrogativa de sindicatos, a partir da convoca\u00e7\u00e3o de assembleias em suas bases. \u00c0 Confedera\u00e7\u00e3o cabe dialogar com o Governo e com o Congresso e levar os pleitos da categoria \u00e0s partes envolvidas, como tem feito desde o in\u00edcio da tramita\u00e7\u00e3o da MP.&#8221;<\/p>\n<\/div>","protected":false},"excerpt":{"rendered":"<p>O\u00a0presidente da Associa\u00e7\u00e3o Brasileira dos Condutores de Ve\u00edculos Automotores (Abrava), Wallace Landim, conhecido como Chor\u00e3o, disse que caminhoneiros de todo&hellip;<\/p>\n","protected":false},"author":4,"featured_media":548132,"comment_status":"open","ping_status":"open","sticky":false,"template":"","format":"standard","meta":{"footnotes":""},"categories":[204],"tags":[],"class_list":["post-548356","post","type-post","status-publish","format-standard","has-post-thumbnail","hentry","category-ultimas-noticias"],"_links":{"self":[{"href":"https:\/\/villanews.com.br\/index.php?rest_route=\/wp\/v2\/posts\/548356","targetHints":{"allow":["GET"]}}],"collection":[{"href":"https:\/\/villanews.com.br\/index.php?rest_route=\/wp\/v2\/posts"}],"about":[{"href":"https:\/\/villanews.com.br\/index.php?rest_route=\/wp\/v2\/types\/post"}],"author":[{"embeddable":true,"href":"https:\/\/villanews.com.br\/index.php?rest_route=\/wp\/v2\/users\/4"}],"replies":[{"embeddable":true,"href":"https:\/\/villanews.com.br\/index.php?rest_route=%2Fwp%2Fv2%2Fcomments&post=548356"}],"version-history":[{"count":0,"href":"https:\/\/villanews.com.br\/index.php?rest_route=\/wp\/v2\/posts\/548356\/revisions"}],"wp:featuredmedia":[{"embeddable":true,"href":"https:\/\/villanews.com.br\/index.php?rest_route=\/wp\/v2\/media\/548132"}],"wp:attachment":[{"href":"https:\/\/villanews.com.br\/index.php?rest_route=%2Fwp%2Fv2%2Fmedia&parent=548356"}],"wp:term":[{"taxonomy":"category","embeddable":true,"href":"https:\/\/villanews.com.br\/index.php?rest_route=%2Fwp%2Fv2%2Fcategories&post=548356"},{"taxonomy":"post_tag","embeddable":true,"href":"https:\/\/villanews.com.br\/index.php?rest_route=%2Fwp%2Fv2%2Ftags&post=548356"}],"curies":[{"name":"wp","href":"https:\/\/api.w.org\/{rel}","templated":true}]}}