{"id":547715,"date":"2026-07-12T12:37:32","date_gmt":"2026-07-12T16:37:32","guid":{"rendered":"https:\/\/villanews.com.br\/?p=547715"},"modified":"2026-07-12T12:37:32","modified_gmt":"2026-07-12T16:37:32","slug":"reuniao-alinha-providencias-para-o-atendimento-do-programa-%c2%93seu-voto-importa%c2%94-do-tse","status":"publish","type":"post","link":"https:\/\/villanews.com.br\/?p=547715","title":{"rendered":"Reuni\u00e3o alinha provid\u00eancias para o atendimento do programa \u0093Seu Voto Importa\u0094, do TSE"},"content":{"rendered":"<div><img decoding=\"async\" src=\"https:\/\/jornaldematogrosso.com.br\/imagens\/658x420\/posts\/2026\/07\/139155_tre-mt-em-evento-2-jpeg.jpeg\" \/>\n<div>\n<div class=\"OutlineElement Ltr SCXW13238860 BCX8\">\n<p class=\"Paragraph SCXW13238860 BCX8\">Sintonia fina para que tudo esteja em ordem por uma elei\u00e7\u00e3o tranquila, confi\u00e1vel, transparente e inclusiva. Esse foi o tom de uma reuni\u00e3o realizada nesta quinta-feira (9) e convocada pela desembargadora Serly Marcondes Alves, presidente do Tribunal Regional Eleitoral de Mato Grosso (TRE-MT), com ju\u00edzes eleitorais, chefes de cart\u00f3rios das zonas eleitorais de Cuiab\u00e1 e com representantes de \u00e1reas estrat\u00e9gicas da Corte Eleitoral. O objetivo foi alinhar o trabalho com as diretrizes da Resolu\u00e7\u00e3o n\u00ba 23.753\/2026 do Tribunal Superior Eleitoral (TSE), que instituiu o programa \u0093Seu Voto Importa\u0094, voltado \u00e0 amplia\u00e7\u00e3o da acessibilidade e inclus\u00e3o do indiv\u00edduo no processo eleitoral. <\/p>\n<\/div>\n<div class=\"OutlineElement Ltr SCXW13238860 BCX8\">\n<p class=\"Paragraph SCXW13238860 BCX8\">Quest\u00f5es como acessibilidade, transporte de eleitores com defici\u00eancia ou com mobilidade reduzida at\u00e9 o local de vota\u00e7\u00e3o, comunica\u00e7\u00e3o aos eleitores sobre altera\u00e7\u00e3o dos locais de vota\u00e7\u00e3o, treinamento de mes\u00e1rios, conectividade e seguran\u00e7a p\u00fablica no dia da elei\u00e7\u00e3o foram alguns dos temas tratados no encontro. Outra pauta foi o uso pioneiro da plataforma digital integrada de Intelig\u00eancia Artificial no combate \u00e0 desinforma\u00e7\u00e3o. O GuaIA tem condi\u00e7\u00f5es de verificar e checar se um conte\u00fado (\u00e1udio, v\u00eddeo ou texto) apresenta teor falso, distorcido ou fora de contexto. A an\u00e1lise dessa IA vai orientar magistrados na tomada de decis\u00e3o na propaganda eleitoral. <\/p>\n<\/div>\n<div class=\"OutlineElement Ltr SCXW13238860 BCX8\">\n<p class=\"Paragraph SCXW13238860 BCX8\">Serly Marcondes Alves explica que essas reuni\u00f5es peri\u00f3dicas servem para alinhar caminhos e colher percep\u00e7\u00f5es de quem est\u00e1 na linha de frente no contato com o eleitor, para prevenir situa\u00e7\u00f5es e antecipar solu\u00e7\u00f5es. \u0093Queremos que o eleitor ou eleitora sinta a inten\u00e7\u00e3o da Justi\u00e7a Eleitoral para que eles possam votar. Que, na fase que antecede, consigam perceber o cuidado em cada detalhe para que encontrem a estrutura que necessitam para exercer seu direito ao voto livre e secreto. Estou muito tranquila com o empenho dos senhores e das senhoras\u0094, disse a presidente do TRE-MT.   <\/p>\n<div class=\"OutlineElement Ltr SCXW13238860 BCX8\">\n<p class=\"Paragraph SCXW13238860 BCX8\">O encontro tamb\u00e9m tratou sobre a seguran\u00e7a e a manuten\u00e7\u00e3o da ordem. \u0093A Pol\u00edcia Federal vai coordenar o trabalho das for\u00e7as de seguran\u00e7a, principalmente em Cuiab\u00e1, onde a corpora\u00e7\u00e3o possui sede, percorrendo locais que apresentem algum tipo de movimenta\u00e7\u00e3o incomum. Tamb\u00e9m teremos o suporte das c\u00e2meras do Programa Vigia Mais, que nos dar\u00e3o acesso \u00e0s imagens de vigil\u00e2ncia e seguran\u00e7a eletr\u00f4nica por meio de plataforma operacional dirigida\u0094, afirmou a ju\u00edza auxiliar da Presid\u00eancia, Edna Ederli Coutinho, coordenadora do Gabinete de Gest\u00e3o Integrada (GGI), uma for\u00e7a-tarefa que re\u00fane representantes de \u00f3rg\u00e3os p\u00fablicos e privados que t\u00eam servi\u00e7os relacionados ao processo eleitoral. <\/p>\n<\/div>\n<div class=\"OutlineElement Ltr SCXW13238860 BCX8\">\n<p class=\"Paragraph SCXW13238860 BCX8\">A presidente do TRE-MT recomendou uma maior aproxima\u00e7\u00e3o dos cart\u00f3rios junto \u00e0 dire\u00e7\u00e3o de unidades escolares e a associa\u00e7\u00f5es de moradores de bairros e um trabalho de comunica\u00e7\u00e3o junto aos locais de comunica\u00e7\u00e3o. \u0093A Ascom disp\u00f5e de uma planilha de controle para o gerenciamento do fluxo de demandas onde o chefe do cart\u00f3rio, por exemplo, pode solicitar faixas informando sobre a mudan\u00e7a de local de vota\u00e7\u00e3o ou se\u00e7\u00f5es aos eleitores\u0094, informou o chefe da Assessoria de Comunica\u00e7\u00e3o (Ascom), jornalista Daniel Dino de Sousa.  <\/p>\n<\/div>\n<div class=\"OutlineElement Ltr SCXW13238860 BCX8\">\n<p class=\"Paragraph SCXW13238860 BCX8\">O secret\u00e1rio de Inform\u00e1tica do TRE-MT, Leon Santos Filho, orientou que os cart\u00f3rios enviem ao setor os dados cadastrais dos eleitores que tiveram as se\u00e7\u00f5es alteradas para outros locais de vota\u00e7\u00e3o. \u0093Enviaremos mensagens por aplicativo para esses eleitores, informando sobre a mudan\u00e7a do local de vota\u00e7\u00e3o\u0094, completou. <\/p>\n<\/div>\n<div class=\"OutlineElement Ltr SCXW13238860 BCX8\">\n<p class=\"Paragraph SCXW13238860 BCX8\">O diretor-geral da institui\u00e7\u00e3o, Mauro S\u00e9rgio Rodrigues Diogo, colocou a estrutura da sua pasta \u00e0 disposi\u00e7\u00e3o dos cart\u00f3rios e ju\u00edzos eleitorais e disse que a organiza\u00e7\u00e3o do pleito segue o planejamento do que foi proposto mais de um ano atr\u00e1s. \u0093A quantidade de urnas eletr\u00f4nicas dispon\u00edveis e para conting\u00eancia ser\u00e1 suficiente para atender todo o Estado. Teve in\u00edcio a convoca\u00e7\u00e3o dos mes\u00e1rios; toda a parte de log\u00edstica e estrutura segue conforme foi previsto\u0094, destacou.    <\/p>\n<div class=\"OutlineElement Ltr SCXW13238860 BCX8\">\n<p class=\"Paragraph SCXW13238860 BCX8\">Segundo informou o assessor de Planejamento e Gest\u00e3o Estrat\u00e9gica, M\u00e1rcio Lara, a capital possui um eleitorado de 4.679 indiv\u00edduos que declararam, junto ao TRE-MT, possuir algum tipo de defici\u00eancia. \u0093Nosso trabalho \u00e9 nos preparar para receber esse p\u00fablico com conforto e acessibilidade\u0094, comentou. <\/p>\n<\/div>\n<div class=\"OutlineElement Ltr SCXW13238860 BCX8\">\n<p class=\"Paragraph SCXW13238860 BCX8\">Participaram da reuni\u00e3o os ju\u00edzes eleitorais Moacir Rog\u00e9rio Tortato (1\u00aa ZE), Marcos Aur\u00e9lio dos Reis Ferreira (39\u00aa ZE) e Jurandir Flor\u00eancio de Castilho J\u00fanior (51\u00aa ZE). O juiz Emerson Luis Pereira Cajango (55\u00aa ZE) foi representado por Jo\u00e3o Victor Alves Ribeiro. Representando os cart\u00f3rios eleitorais, participaram Diego Manoel Mascarenhas do Nascimento (chefe do cart\u00f3rio da 51\u00aa ZE), Lidiane Pompeo Barros (39\u00aa ZE) e Jaqueline Nunes Faustino Almeida (55\u00aa ZE).  <\/p>\n<\/div>\n<div class=\"OutlineElement Ltr SCXW13238860 BCX8\">\n<p class=\"Paragraph SCXW13238860 BCX8\">Tamb\u00e9m estiveram presentes o secret\u00e1rio Carlos Luanga (Secretaria Judici\u00e1ria), a assessora Sueli Sanae Shimada Ueda e os servidores da Assessoria de Planejamento M\u00e1rcio Lara, Aldenice Bernardes Garcia, Rodrigo de Freitas Silva Ara\u00fajo e Ronaldo Mois\u00e9s Nadaf, da Assist\u00eancia de Sustentabilidade e Acessibilidade\/AGE.<\/p>\n<p class=\"Paragraph SCXW13238860 BCX8\">\n<\/p><\/div>\n<div class=\"OutlineElement Ltr SCXW13238860 BCX8\">\n<p class=\"Paragraph SCXW13238860 BCX8\">Seu Voto Importa <\/p>\n<\/div>\n<div class=\"OutlineElement Ltr SCXW13238860 BCX8\">\n<p class=\"Paragraph SCXW13238860 BCX8\">O programa &#8220;Seu Voto Importa&#8221; \u00e9 uma iniciativa institucional e de conscientiza\u00e7\u00e3o liderada pelo TSE com o objetivo de estimular a participa\u00e7\u00e3o pol\u00edtica, combater a absten\u00e7\u00e3o e refor\u00e7ar a seguran\u00e7a e a transpar\u00eancia do processo eleitoral. Embora o conceito &#8220;Seu Voto Importa&#8221; seja um pilar central e recorrente em diversas campanhas institucionais e a\u00e7\u00f5es voltadas para o eleitorado, suas principais frentes de atua\u00e7\u00e3o envolvem: engajamento do eleitor com incentivo ao voto e foco no eleitor jovem e da melhor idade; combate \u00e0 desinforma\u00e7\u00e3o, mostrando a transpar\u00eancia do processo; e educa\u00e7\u00e3o, al\u00e9m do fortalecimento da cidadania, promovendo a inclus\u00e3o, a acessibilidade e a diversidade.   <\/p>\n<p class=\"Paragraph SCXW13238860 BCX8\"><\/p>\n<\/div>\n<\/div>\n<\/div>\n<\/div>\n<\/div>","protected":false},"excerpt":{"rendered":"<p>Sintonia fina para que tudo esteja em ordem por uma elei\u00e7\u00e3o tranquila, confi\u00e1vel, transparente e inclusiva. Esse foi o tom&hellip;<\/p>\n","protected":false},"author":4,"featured_media":547716,"comment_status":"open","ping_status":"open","sticky":false,"template":"","format":"standard","meta":{"footnotes":""},"categories":[204],"tags":[],"class_list":["post-547715","post","type-post","status-publish","format-standard","has-post-thumbnail","hentry","category-ultimas-noticias"],"_links":{"self":[{"href":"https:\/\/villanews.com.br\/index.php?rest_route=\/wp\/v2\/posts\/547715","targetHints":{"allow":["GET"]}}],"collection":[{"href":"https:\/\/villanews.com.br\/index.php?rest_route=\/wp\/v2\/posts"}],"about":[{"href":"https:\/\/villanews.com.br\/index.php?rest_route=\/wp\/v2\/types\/post"}],"author":[{"embeddable":true,"href":"https:\/\/villanews.com.br\/index.php?rest_route=\/wp\/v2\/users\/4"}],"replies":[{"embeddable":true,"href":"https:\/\/villanews.com.br\/index.php?rest_route=%2Fwp%2Fv2%2Fcomments&post=547715"}],"version-history":[{"count":0,"href":"https:\/\/villanews.com.br\/index.php?rest_route=\/wp\/v2\/posts\/547715\/revisions"}],"wp:featuredmedia":[{"embeddable":true,"href":"https:\/\/villanews.com.br\/index.php?rest_route=\/wp\/v2\/media\/547716"}],"wp:attachment":[{"href":"https:\/\/villanews.com.br\/index.php?rest_route=%2Fwp%2Fv2%2Fmedia&parent=547715"}],"wp:term":[{"taxonomy":"category","embeddable":true,"href":"https:\/\/villanews.com.br\/index.php?rest_route=%2Fwp%2Fv2%2Fcategories&post=547715"},{"taxonomy":"post_tag","embeddable":true,"href":"https:\/\/villanews.com.br\/index.php?rest_route=%2Fwp%2Fv2%2Ftags&post=547715"}],"curies":[{"name":"wp","href":"https:\/\/api.w.org\/{rel}","templated":true}]}}