{"id":547713,"date":"2026-07-12T12:47:54","date_gmt":"2026-07-12T16:47:54","guid":{"rendered":"https:\/\/villanews.com.br\/?p=547713"},"modified":"2026-07-12T12:47:54","modified_gmt":"2026-07-12T16:47:54","slug":"varzea-grande-amplia-protecao-de-bebes-prematuros-com-aplicacao-inedita-do-nirsevimabe-pelo-sus","status":"publish","type":"post","link":"https:\/\/villanews.com.br\/?p=547713","title":{"rendered":"V\u00e1rzea Grande amplia prote\u00e7\u00e3o de beb\u00eas prematuros com aplica\u00e7\u00e3o in\u00e9dita do Nirsevimabe pelo SUS"},"content":{"rendered":"<div><img decoding=\"async\" src=\"https:\/\/jornaldematogrosso.com.br\/imagens\/658x420\/posts\/2026\/07\/139156_vacinacao-infantil-3-jpg.jpg\" \/>\n<div>\n<p>A Prefeitura de V\u00e1rzea Grande, por meio da Secretaria Municipal de Sa\u00fade, est\u00e1 refor\u00e7ando os cuidados com a sa\u00fade de beb\u00eas prematuros ao disponibilizar, pela primeira vez, o anticorpo monoclonal Nirsevimabe, popularmente conhecido como &#8220;vacina Nirsevimabe&#8221;. O medicamento oferece imuniza\u00e7\u00e3o imediata para proteger os beb\u00eas contra o V\u00edrus Sincicial Respirat\u00f3rio (VSR), principal causador de bronquiolite e pneumonia grave em crian\u00e7as pequenas.<\/p>\n<p>As doses integram o Protocolo de Uso do Nirsevimabe para Preven\u00e7\u00e3o de Infec\u00e7\u00e3o do Trato Respirat\u00f3rio Inferior Associada ao V\u00edrus Sincicial Respirat\u00f3rio em Beb\u00eas Prematuros ou com Comorbidades, disponibilizado pelo Sistema \u00danico de Sa\u00fade (SUS). O Nirsevimabe \u00e9 destinado a um p\u00fablico espec\u00edfico e, em V\u00e1rzea Grande, vem sendo administrado desde fevereiro deste ano, conforme prescri\u00e7\u00e3o m\u00e9dica e condi\u00e7\u00e3o cl\u00ednica do rec\u00e9m-nascido, na Maternidade P\u00fablica &#8220;Dr. Francisco Lustosa&#8221; e nas Unidades B\u00e1sicas de Sa\u00fade (UBSs). A UBS Jardim Gl\u00f3ria foi a primeira unidade, fora da maternidade, a aplicar a medica\u00e7\u00e3o.<\/p>\n<p>Como explica Patr\u00edcia Pretel Feitosa, enfermeira respons\u00e1vel pela Imuniza\u00e7\u00e3o da Aten\u00e7\u00e3o Prim\u00e1ria de V\u00e1rzea Grande, a incorpora\u00e7\u00e3o do Nirsevimabe ao SUS amplia a cobertura de prote\u00e7\u00e3o para todos os beb\u00eas prematuros que se enquadram nos crit\u00e9rios estabelecidos.<\/p>\n<p>&#8220;O anticorpo tem indica\u00e7\u00f5es espec\u00edficas, tanto em rela\u00e7\u00e3o \u00e0 dosagem quanto ao p\u00fablico-alvo&#8221;, destaca.<\/p>\n<p>Somente entre os rec\u00e9m-nascidos prematuros, 19 doses foram aplicadas na maternidade entre fevereiro e o momento atual. Dependendo das condi\u00e7\u00f5es de sa\u00fade e do peso da crian\u00e7a, algumas recebem a dose ainda durante a interna\u00e7\u00e3o, enquanto outras aguardam o ganho de peso para receber o medicamento posteriormente em uma Unidade B\u00e1sica de Sa\u00fade.<\/p>\n<p>Patr\u00edcia explica ainda que, para rec\u00e9m-nascidos prematuros \u2014 aqueles nascidos com menos de 37 semanas de gesta\u00e7\u00e3o \u2014, a administra\u00e7\u00e3o do Nirsevimabe deve ser feita por via intramuscular logo ap\u00f3s o nascimento, ou assim que o beb\u00ea estiver clinicamente est\u00e1vel, ainda na maternidade.<\/p>\n<p>&#8220;A dose do Nirsevimabe \u00e9 \u00fanica e varia apenas conforme a faixa de peso do paciente. Rec\u00e9m-nascidos e beb\u00eas com peso inferior a cinco quilos recebem uma dose \u00fanica de 0,5 ml. J\u00e1 aqueles com peso igual ou superior a cinco quilos recebem uma dose \u00fanica de 1 ml&#8221;, explica.<\/p>\n<p>Para crian\u00e7as de at\u00e9 24 meses de idade que apresentem comorbidades e permane\u00e7am vulner\u00e1veis durante a segunda temporada de circula\u00e7\u00e3o do VSR, recomenda-se uma dose \u00fanica, independentemente do peso, administrada em duas inje\u00e7\u00f5es de 1 ml cada, aplicadas em locais distintos.<\/p>\n<p>Indica\u00e7\u00f5es para o uso do Nirsevimabe<\/p>\n<ul>\n<li>Prematuros (nascidos com menos de 37 semanas de gesta\u00e7\u00e3o);<\/li>\n<li>Doen\u00e7a card\u00edaca cong\u00eanita hemodinamicamente significativa;<\/li>\n<li>Doen\u00e7a pulmonar cr\u00f4nica da prematuridade;<\/li>\n<li>Imunocomprometimento grave, cong\u00eanito ou adquirido;<\/li>\n<li>Fibrose c\u00edstica;<\/li>\n<li>Doen\u00e7a neuromuscular;<\/li>\n<li>Anomalias cong\u00eanitas das vias a\u00e9reas;<\/li>\n<li>S\u00edndrome de Down.<\/li>\n<\/ul>\n<p><\/p>\n<p>Contexto<\/p>\n<p>Segundo dados do Minist\u00e9rio da Sa\u00fade, o V\u00edrus Sincicial Respirat\u00f3rio \u00e9 respons\u00e1vel por cerca de 80% dos casos de bronquiolite e por at\u00e9 60% das pneumonias em crian\u00e7as menores de dois anos no Brasil.<\/p>\n<p>Entre 2018 e 2024, foram registradas 83.740 interna\u00e7\u00f5es de beb\u00eas prematuros. Somente em 2024, dos 82.005 casos de S\u00edndrome Respirat\u00f3ria Aguda Grave (SRAG) atribu\u00eddos a v\u00edrus respirat\u00f3rios, 32% (26.034 casos) foram causados pelo VSR.<\/p>\n<p>A faixa et\u00e1ria mais atingida foi a de crian\u00e7as com menos de um ano, que representaram 72,1% dos casos (18.759) e 42% dos \u00f3bitos (168 das 403 mortes registradas).<\/p>\n<p>Os principais grupos de risco para desenvolver infec\u00e7\u00e3o respirat\u00f3ria grave causada pelo VSR s\u00e3o lactentes com menos de seis meses de idade, especialmente os prematuros, crian\u00e7as com doen\u00e7a pulmonar cr\u00f4nica da prematuridade e aquelas com cardiopatias cong\u00eanitas.<\/p>\n<p>Essa maior vulnerabilidade est\u00e1 relacionada \u00e0 imaturidade do sistema imunol\u00f3gico, \u00e0 menor transfer\u00eancia de anticorpos maternos, ao menor calibre das vias a\u00e9reas, al\u00e9m de fatores como baixa reserva energ\u00e9tica, desmame precoce, anemia, infec\u00e7\u00f5es respirat\u00f3rias recorrentes e uso pr\u00e9vio de corticoides.<\/p>\n<p>O VSR apresenta comportamento sazonal, com maior circula\u00e7\u00e3o nos meses mais frios do ano. Embora esse padr\u00e3o varie entre as regi\u00f5es brasileiras, a maior incid\u00eancia costuma ocorrer durante o outono e o inverno.<\/p>\n<p>Anualmente, o v\u00edrus \u00e9 respons\u00e1vel por cerca de 3,6 milh\u00f5es de hospitaliza\u00e7\u00f5es em todo o mundo e aproximadamente 100 mil mortes de crian\u00e7as menores de cinco anos, sendo metade desses \u00f3bitos em beb\u00eas com menos de seis meses de idade. (Com informa\u00e7\u00f5es do Minist\u00e9rio da Sa\u00fade)<\/p>\n<p><\/p>\n<\/div>\n<\/div>","protected":false},"excerpt":{"rendered":"<p>A Prefeitura de V\u00e1rzea Grande, por meio da Secretaria Municipal de Sa\u00fade, est\u00e1 refor\u00e7ando os cuidados com a sa\u00fade de&hellip;<\/p>\n","protected":false},"author":4,"featured_media":547714,"comment_status":"open","ping_status":"open","sticky":false,"template":"","format":"standard","meta":{"footnotes":""},"categories":[204],"tags":[],"class_list":["post-547713","post","type-post","status-publish","format-standard","has-post-thumbnail","hentry","category-ultimas-noticias"],"_links":{"self":[{"href":"https:\/\/villanews.com.br\/index.php?rest_route=\/wp\/v2\/posts\/547713","targetHints":{"allow":["GET"]}}],"collection":[{"href":"https:\/\/villanews.com.br\/index.php?rest_route=\/wp\/v2\/posts"}],"about":[{"href":"https:\/\/villanews.com.br\/index.php?rest_route=\/wp\/v2\/types\/post"}],"author":[{"embeddable":true,"href":"https:\/\/villanews.com.br\/index.php?rest_route=\/wp\/v2\/users\/4"}],"replies":[{"embeddable":true,"href":"https:\/\/villanews.com.br\/index.php?rest_route=%2Fwp%2Fv2%2Fcomments&post=547713"}],"version-history":[{"count":0,"href":"https:\/\/villanews.com.br\/index.php?rest_route=\/wp\/v2\/posts\/547713\/revisions"}],"wp:featuredmedia":[{"embeddable":true,"href":"https:\/\/villanews.com.br\/index.php?rest_route=\/wp\/v2\/media\/547714"}],"wp:attachment":[{"href":"https:\/\/villanews.com.br\/index.php?rest_route=%2Fwp%2Fv2%2Fmedia&parent=547713"}],"wp:term":[{"taxonomy":"category","embeddable":true,"href":"https:\/\/villanews.com.br\/index.php?rest_route=%2Fwp%2Fv2%2Fcategories&post=547713"},{"taxonomy":"post_tag","embeddable":true,"href":"https:\/\/villanews.com.br\/index.php?rest_route=%2Fwp%2Fv2%2Ftags&post=547713"}],"curies":[{"name":"wp","href":"https:\/\/api.w.org\/{rel}","templated":true}]}}