{"id":542053,"date":"2026-07-09T10:00:19","date_gmt":"2026-07-09T14:00:19","guid":{"rendered":"https:\/\/villanews.com.br\/?p=542053"},"modified":"2026-07-09T10:00:19","modified_gmt":"2026-07-09T14:00:19","slug":"devido-a-ataques-da-ucrania-russia-suspende-exportacoes-de-diesel-brasil-recorre-a-outras-fontes","status":"publish","type":"post","link":"https:\/\/villanews.com.br\/?p=542053","title":{"rendered":"Devido a ataques da Ucr\u00e2nia, R\u00fassia suspende exporta\u00e7\u00f5es de diesel; Brasil recorre a outras fontes"},"content":{"rendered":"<div class=\"postBody-module-scss-module__8_WGKG__postBodyContainer\">\n<p>O governo da R\u00fassia anunciou nesta quarta-feira (8) um veto \u00e0s exporta\u00e7\u00f5es de diesel, em um momento em que o pa\u00eds enfrenta problemas de desabastecimento interno devido aos ataques da Ucr\u00e2nia a refinarias de petr\u00f3leo russas.<\/p>\n<p>Segundo informa\u00e7\u00f5es da ag\u00eancia Reuters, durante reuni\u00e3o transmitida pela televis\u00e3o e presidida pelo ditador Vladimir Putin, o vice-primeiro-ministro Alexander Novak afirmou que \u201cest\u00e1 claro que a situa\u00e7\u00e3o atual nos postos de abastecimento est\u00e1 causando preocupa\u00e7\u00e3o na popula\u00e7\u00e3o\u201d.<\/p>\n<p>\u201cHoje, foi introduzida uma proibi\u00e7\u00e3o \u00e0s exporta\u00e7\u00f5es de diesel, o que permitir\u00e1 aumentar o abastecimento do mercado interno\u201d, acrescentou Novak.<\/p>\n<p>A proibi\u00e7\u00e3o das exporta\u00e7\u00f5es de diesel vai vigorar at\u00e9 31 de julho, mas o fornecimento decorrente de acordos preexistentes, como o firmado com a Mong\u00f3lia, n\u00e3o ser\u00e1 afetado pela medida. A situa\u00e7\u00e3o de desabastecimento na R\u00fassia \u00e9 t\u00e3o grave que Novak disse que a R\u00fassia come\u00e7ar\u00e1 a importar combust\u00edveis este m\u00eas.<\/p>\n<p>Desde o in\u00edcio da guerra na Ucr\u00e2nia, em fevereiro de 2022, o Brasil aumentou suas importa\u00e7\u00f5es de diesel russo, devido aos pre\u00e7os atrativos que come\u00e7aram a ser praticados depois das san\u00e7\u00f5es impostas a Moscou por outros pa\u00edses.<\/p>\n<p>Por\u00e9m, segundo a Associa\u00e7\u00e3o Brasileira dos Importadores de Combust\u00edveis (Abicom), as importa\u00e7\u00f5es brasileiras de diesel russo ca\u00edram 65% em junho na compara\u00e7\u00e3o com maio.<\/p>\n<p>\u201cTem algumas refinarias fora de opera\u00e7\u00e3o, por manuten\u00e7\u00e3o ou porque sofreram ataques de drones da Ucr\u00e2nia. Com isso, a disponibilidade de diesel russo caiu, o pre\u00e7o subiu e est\u00e1 havendo uma migra\u00e7\u00e3o para os EUA\u201d, declarou o presidente da Abicom, S\u00e9rgio Ara\u00fajo.<\/p>\n<p>A associa\u00e7\u00e3o citou que o volume de diesel importado dos Estados Unidos cresceu 74% em junho. Outra fonte alternativa tem sido a \u00cdndia.<\/p>\n<p>VEJA TAMB\u00c9M:<\/p>\n<\/div>\n<p>\u00a0<\/p>","protected":false},"excerpt":{"rendered":"<p>O governo da R\u00fassia anunciou nesta quarta-feira (8) um veto \u00e0s exporta\u00e7\u00f5es de diesel, em um momento em que o&hellip;<\/p>\n","protected":false},"author":4,"featured_media":541580,"comment_status":"open","ping_status":"open","sticky":false,"template":"","format":"standard","meta":{"footnotes":""},"categories":[190],"tags":[],"class_list":["post-542053","post","type-post","status-publish","format-standard","has-post-thumbnail","hentry","category-economia"],"_links":{"self":[{"href":"https:\/\/villanews.com.br\/index.php?rest_route=\/wp\/v2\/posts\/542053","targetHints":{"allow":["GET"]}}],"collection":[{"href":"https:\/\/villanews.com.br\/index.php?rest_route=\/wp\/v2\/posts"}],"about":[{"href":"https:\/\/villanews.com.br\/index.php?rest_route=\/wp\/v2\/types\/post"}],"author":[{"embeddable":true,"href":"https:\/\/villanews.com.br\/index.php?rest_route=\/wp\/v2\/users\/4"}],"replies":[{"embeddable":true,"href":"https:\/\/villanews.com.br\/index.php?rest_route=%2Fwp%2Fv2%2Fcomments&post=542053"}],"version-history":[{"count":0,"href":"https:\/\/villanews.com.br\/index.php?rest_route=\/wp\/v2\/posts\/542053\/revisions"}],"wp:featuredmedia":[{"embeddable":true,"href":"https:\/\/villanews.com.br\/index.php?rest_route=\/wp\/v2\/media\/541580"}],"wp:attachment":[{"href":"https:\/\/villanews.com.br\/index.php?rest_route=%2Fwp%2Fv2%2Fmedia&parent=542053"}],"wp:term":[{"taxonomy":"category","embeddable":true,"href":"https:\/\/villanews.com.br\/index.php?rest_route=%2Fwp%2Fv2%2Fcategories&post=542053"},{"taxonomy":"post_tag","embeddable":true,"href":"https:\/\/villanews.com.br\/index.php?rest_route=%2Fwp%2Fv2%2Ftags&post=542053"}],"curies":[{"name":"wp","href":"https:\/\/api.w.org\/{rel}","templated":true}]}}