{"id":541561,"date":"2026-07-09T09:27:56","date_gmt":"2026-07-09T13:27:56","guid":{"rendered":"https:\/\/villanews.com.br\/?p=541561"},"modified":"2026-07-09T09:27:56","modified_gmt":"2026-07-09T13:27:56","slug":"distancia-curta-entre-candidatos-e-indefinicao-de-eleitor-mostram-eleicao-acirrada-ao-senado-em-sp","status":"publish","type":"post","link":"https:\/\/villanews.com.br\/?p=541561","title":{"rendered":"Dist\u00e2ncia curta entre candidatos e indefini\u00e7\u00e3o de eleitor mostram elei\u00e7\u00e3o acirrada ao Senado em SP"},"content":{"rendered":"<div class=\"postBody-module-scss-module__8_WGKG__postBodyContainer\">\n<p>Ap\u00f3s a defini\u00e7\u00e3o das duas principais chapas de candidatos no estado de S\u00e3o Paulo no final do primeiro semestre,\u00a0\u00a0segue a acirrada e imprevis\u00edvel a disputa pelas duas cadeiras no Senado pelo estado.<\/p>\n<p>Uma das chapas \u00e9 liderada pelo governador em busca de reelei\u00e7\u00e3o Tarc\u00edsio de Freitas (Republicanos), e a outra \u00e9 a do PT, liderada pelo ex-ministro da Fazenda Fernando Haddad, que tenta o Pal\u00e1cio dos Bandeirantes, sede do governo paulista, pela segunda vez. Haddad foi derrotado por Tarc\u00edsio no segundo turno em 2022.<\/p>\n<p>Se h\u00e1 cerca de um ano a situa\u00e7\u00e3o da direita em S\u00e3o Paulo na disputa ao Senado parecia confort\u00e1vel, com os deputados federais <strong>Guilherme Derrite<\/strong> (Progressistas) e <strong>Eduardo Bolsonaro<\/strong> (PL) figurando como favoritos \u2014 e a da esquerda, por sua vez, parecia indefinida, sem candidatos claros \u2014, hoje a disputa est\u00e1 aberta.<\/p>\n<p>Morando nos Estados Unidos desde o ano passado e condenado a quatro anos e dois meses de pris\u00e3o no Supremo Tribunal Federal (STF) por coa\u00e7\u00e3o ao longo do processo por golpe de estado do ex-presidente Jair Bolsonaro, Eduardo n\u00e3o deve mais sair candidato.<\/p>\n<p>Por sua vez, a candidatura de Derrite perdeu um pouco de tra\u00e7\u00e3o, entre outros motivos, pela falta de uma vitrine clara durante a gest\u00e3o dele \u00e0 frente da Secretaria da Seguran\u00e7a P\u00fablica de S\u00e3o Paulo \u2014 n\u00e3o obstante, ainda \u00e9 um candidato competitivo. Derrite comp\u00f5e a chapa que disputa as vagas ao Senado ao lado do deputado estadual e presidente da Assembleia Legislativa de S\u00e3o Paulo (Alesp), <strong>Andr\u00e9 do Prado<\/strong> (PL).<\/p>\n<p>Pelo lado petista, a apresenta\u00e7\u00e3o de uma chapa ao Senado feminina, com as ex-ministras <strong>Simone Tebet<\/strong> (PSB), de perfil mais centrista, e <strong>Marina Silva<\/strong> (Rede), umbilicalmente de esquerda mas com capacidade de alcan\u00e7ar um eleitorado mais de centro, com identifica\u00e7\u00e3o junto \u00e0 pauta ambientalista e desassocia\u00e7\u00e3o do seu nome de esc\u00e2ndalos de corrup\u00e7\u00e3o at\u00e9 agora, tende a embaralhar a cabe\u00e7a do eleitor e deixar a corrida aberta at\u00e9 o dia da elei\u00e7\u00e3o em S\u00e3o Paulo.<\/p>\n<p>VEJA TAMB\u00c9M:<\/p>\n<h2>Situa\u00e7\u00e3o est\u00e1 longe de ser confort\u00e1vel para as candidatas de Lula<\/h2>\n<p>Essa indefini\u00e7\u00e3o fica escondida nas entrelinhas da \u00faltima pesquisa Datafolha, por exemplo, <a href=\"https:\/\/www.gazetadopovo.com.br\/eleicoes\/2026\/pesquisa-eleitoral-2026\/datafolha-senado-sao-paulo-julho-2026\/\">divulgada no dia 6 de julho<\/a>.\u00a0A princ\u00edpio, os n\u00fameros da sondagem eleitoral s\u00e3o positivos para Marina e Tebet. Em um cen\u00e1rio estimulado, Marina aparece com 18% das inten\u00e7\u00f5es de voto, Tebet com 16% e Ricardo Salles (Novo), com 13%.<\/p>\n<p>Andr\u00e9 do Prado surge com 11%, e Derrite\u00a0com 10%. O deputado federal\u00a0Paulinho da For\u00e7a\u00a0(Solidariedade) alcan\u00e7a 8%, e17% dos eleitores declararam voto em branco, nulo ou em nenhum candidato, enquanto 7% n\u00e3o souberam responder.<\/p>\n<blockquote>\n<p>Senado \u00e9 uma elei\u00e7\u00e3o em que <em>recall<\/em> ajuda na largada, mas n\u00e3o garante chegada.<\/p>\n<p><cite>Samuel Oliveira, cientista pol\u00edtico<\/cite><\/p><\/blockquote>\n<p>O levantamento foi realizado de 1\u00ba a 3 de julho. Foram feitas 1.608 entrevistas no estado de S\u00e3o Paulo, distribu\u00eddas em 71 munic\u00edpios, com a popula\u00e7\u00e3o de 16 anos ou mais. A margem de erro m\u00e1xima para o total da amostra \u00e9 de dois pontos percentuais, para mais ou para menos, dentro do n\u00edvel de confian\u00e7a de 95%. A pesquisa est\u00e1 registrada no TSE sob os n\u00fameros SP-01703\/2026 e BR-06481\/2026.<\/p>\n<p>Uma leitura mais detalhada, por\u00e9m, revela que a situa\u00e7\u00e3o est\u00e1 longe de ser confort\u00e1vel para as candidatas do presidente Lula. Na pesquisa espont\u00e2nea, quando os nomes das op\u00e7\u00f5es de candidatos n\u00e3o s\u00e3o apresentados previamente aos entrevistados, a coisa muda de figura.<\/p>\n<p>Al\u00e9m do empate t\u00e9cnico visto entre os\u00a0pr\u00e9-candidatos\u00a0que est\u00e3o na frente no cen\u00e1rio estimulado, a dist\u00e2ncia de apenas 10 pontos percentuais entre Marina Silva, na dianteira, e Paulinho da For\u00e7a, o menos citado, mostra uma disputa acirrada. Na pesquisa espont\u00e2nea, 81% dizem n\u00e3o saber em quem votar.<\/p>\n<p>Ficam \u00e0 frente, com 3% das men\u00e7\u00f5es, Tebet e Derrite, seguidos por Marina e um &#8220;candidato do\u00a0PT\u00a0&#8220;, com 2% cada. Andr\u00e9 do Prado e Salles aparecem com 1%.<\/p>\n<p>&#8220;O Datafolha mostra uma disputa acirrada, mas talvez o dado mais importante n\u00e3o esteja na lideran\u00e7a num\u00e9rica de Marina ou Tebet\u201d, afirma \u00e0\u00a0<strong>Gazeta do Povo<\/strong>\u00a0o cientista pol\u00edtico Samuel Oliveira. &#8220;Est\u00e1 na indefini\u00e7\u00e3o. Quando 81% dos eleitores n\u00e3o citam espontaneamente nenhum nome para o Senado, a elei\u00e7\u00e3o ainda n\u00e3o entrou de verdade na cabe\u00e7a do eleitor\u201d, afirma.\u00a0<\/p>\n<h2>Hist\u00f3rico de voto ao Senado em S\u00e3o Paulo aponta para eventuais surpresas<\/h2>\n<p>O cientista pol\u00edtico Samuel Oliveira avalia que S\u00e3o Paulo tem um hist\u00f3rico recente que recomenda cautela com qualquer leitura linear. Em 2014, Jos\u00e9 Serra (PSDB) e Eduardo Suplicy (PT) chegaram a aparecer tecnicamente empatados em pesquisas de inten\u00e7\u00e3o de voto, mas Serra venceu com grande vantagem.<\/p>\n<p>Quatro anos depois, Suplicy liderou pesquisas durante boa parte da campanha e terminou fora das duas vagas, superado por Major Ol\u00edmpio (do PSL, falecido em 2021) e Mara Gabrilli (PSD). Em 2022, Marcos Pontes (PL) venceu com for\u00e7a num ambiente altamente nacionalizado pela disputa Bolsonaro-Lula, mas nas pesquisas M\u00e1rcio Fran\u00e7a (PSB) aparecia bem cotado.<\/p>\n<p>&#8220;Isso mostra que a elei\u00e7\u00e3o ao Senado em S\u00e3o Paulo costuma mudar quando a disputa deixa de ser apenas sobre nomes conhecidos e passa a ser sobre <strong>campo pol\u00edtico, palanque presidencial, palanque estadual e voto \u00fatil<\/strong>. O Senado \u00e9 uma elei\u00e7\u00e3o em que <em>recall<\/em> ajuda na largada, mas n\u00e3o garante chegada\u201d, afirma o cientista pol\u00edtico.<\/p>\n<p>&#8220;A direita pode ter mais estrutura, mas tamb\u00e9m pode ter mais fragmenta\u00e7\u00e3o. Se Tarc\u00edsio organizar o voto em torno de Derrite e Andr\u00e9 do Prado, a disputa muda de patamar\u201d, avalia Oliveira.<\/p>\n<p>Ele acrescenta que, se Salles mantiver uma candidatura competitiva, pode haver disputa interna pelo voto dos apoiadores de Bolsonaro e conservador. &#8220;Isso pode beneficiar Marina e Tebet, que hoje aparecem mais organizadas como dupla simb\u00f3lica do campo governista nacional.\u201d<\/p>\n<p>Assim, a elei\u00e7\u00e3o para o Senado em S\u00e3o Paulo n\u00e3o deve ser tratada como uma disputa de nomes isolados. &#8220;\u00c9 uma elei\u00e7\u00e3o de combina\u00e7\u00e3o. O eleitor vota em dois nomes. Isso permite voto cruzado, voto por campo e voto de compensa\u00e7\u00e3o. Um eleitor pode votar em uma figura de reputa\u00e7\u00e3o nacional e em outra de seguran\u00e7a p\u00fablica; pode votar em uma mulher moderada e em um nome da direita; pode seguir o palanque de governador ou o palanque presidencial\u201d, diz Oliveira.\u00a0<\/p>\n<p>VEJA TAMB\u00c9M:<\/p>\n<\/div>","protected":false},"excerpt":{"rendered":"<p>Ap\u00f3s a defini\u00e7\u00e3o das duas principais chapas de candidatos no estado de S\u00e3o Paulo no final do primeiro semestre,\u00a0\u00a0segue a&hellip;<\/p>\n","protected":false},"author":4,"featured_media":541562,"comment_status":"open","ping_status":"open","sticky":false,"template":"","format":"standard","meta":{"footnotes":""},"categories":[204],"tags":[],"class_list":["post-541561","post","type-post","status-publish","format-standard","has-post-thumbnail","hentry","category-ultimas-noticias"],"_links":{"self":[{"href":"https:\/\/villanews.com.br\/index.php?rest_route=\/wp\/v2\/posts\/541561","targetHints":{"allow":["GET"]}}],"collection":[{"href":"https:\/\/villanews.com.br\/index.php?rest_route=\/wp\/v2\/posts"}],"about":[{"href":"https:\/\/villanews.com.br\/index.php?rest_route=\/wp\/v2\/types\/post"}],"author":[{"embeddable":true,"href":"https:\/\/villanews.com.br\/index.php?rest_route=\/wp\/v2\/users\/4"}],"replies":[{"embeddable":true,"href":"https:\/\/villanews.com.br\/index.php?rest_route=%2Fwp%2Fv2%2Fcomments&post=541561"}],"version-history":[{"count":0,"href":"https:\/\/villanews.com.br\/index.php?rest_route=\/wp\/v2\/posts\/541561\/revisions"}],"wp:featuredmedia":[{"embeddable":true,"href":"https:\/\/villanews.com.br\/index.php?rest_route=\/wp\/v2\/media\/541562"}],"wp:attachment":[{"href":"https:\/\/villanews.com.br\/index.php?rest_route=%2Fwp%2Fv2%2Fmedia&parent=541561"}],"wp:term":[{"taxonomy":"category","embeddable":true,"href":"https:\/\/villanews.com.br\/index.php?rest_route=%2Fwp%2Fv2%2Fcategories&post=541561"},{"taxonomy":"post_tag","embeddable":true,"href":"https:\/\/villanews.com.br\/index.php?rest_route=%2Fwp%2Fv2%2Ftags&post=541561"}],"curies":[{"name":"wp","href":"https:\/\/api.w.org\/{rel}","templated":true}]}}