{"id":330372,"date":"2026-04-01T05:00:00","date_gmt":"2026-04-01T09:00:00","guid":{"rendered":"https:\/\/villanews.com.br\/?p=330372"},"modified":"2026-04-01T05:00:00","modified_gmt":"2026-04-01T09:00:00","slug":"declaracao-do-ir-pode-acabar-cresce-pressao-por-cpi-do-master-a-nova-crise-entre-stf-e-congresso","status":"publish","type":"post","link":"https:\/\/villanews.com.br\/?p=330372","title":{"rendered":"Declara\u00e7\u00e3o do IR pode acabar? Cresce press\u00e3o por CPI do Master. A nova crise entre STF e Congresso"},"content":{"rendered":"<div class=\"postBody_post-body-container__1KhtH\">\n<p><em>Esse conte\u00fado faz parte da newsletter Bom Dia, enviada por e-mail todas as manh\u00e3s para que voc\u00ea comece o dia bem informado. Quer receb\u00ea-la em primeira m\u00e3o e sem nenhum custo? \u00c9 s\u00f3 deixar seu e-mail abaixo:<\/em><\/p>\n<p>Uma declara\u00e7\u00e3o do novo ministro da Fazenda, Dario Durigan, causou surpresa. Ele disse que solicitou \u00e0 Receita Federal o desenvolvimento de um sistema informatizado que elimine a necessidade da declara\u00e7\u00e3o anual do Imposto de Renda. A ideia \u00e9 transferir ao contribuinte apenas a fun\u00e7\u00e3o de validar dados j\u00e1 reunidos pelo governo. <a href=\"https:\/\/www.gazetadopovo.com.br\/economia\/novo-ministro-fazenda-receita-acabar-declaracao-imposto-renda\/?utm_source=salesforce&amp;utm_medium=emkt&amp;utm_campaign=newsletter-bom-dia&amp;utm_content=bom-dia\">Veja o que se sabe da proposta<\/a>.<\/p>\n<p><strong>Mudan\u00e7a em imposto.<\/strong> O STF validou a cobran\u00e7a de Imposto de Importa\u00e7\u00e3o sobre mercadorias que, ap\u00f3s serem exportadas, retornam ao pa\u00eds.\u00a0<a href=\"https:\/\/www.gazetadopovo.com.br\/economia\/stf-valida-imposto-importacao-produto-brasileiro-que-retorna-ao-pais\/?utm_source=salesforce&amp;utm_medium=emkt&amp;utm_campaign=newsletter-bom-dia&amp;utm_content=bom-dia\">Saiba como a decis\u00e3o beneficia o governo<\/a>.<\/p>\n<p><strong>Tens\u00e3o com o Congresso.<\/strong> A condena\u00e7\u00e3o de deputados por desvio em emendas abriu uma nova frente de tens\u00e3o entre STF e Congresso. <a href=\"https:\/\/www.gazetadopovo.com.br\/republica\/condenacao-de-deputados-por-emendas-abre-nova-frente-de-tensao-entre-congresso-e-stf\/?utm_source=salesforce&amp;utm_medium=emkt&amp;utm_campaign=newsletter-bom-dia&amp;utm_content=bom-dia\">Entenda o cen\u00e1rio<\/a>.<\/p>\n<h2>Pol\u00edtica, Economia e Mundo<\/h2>\n<p><strong>Press\u00e3o por nova CPI<\/strong>. Se, por um lado, representou uma derrota para a oposi\u00e7\u00e3o, a decis\u00e3o do STF que encerrou a CPMI do INSS <a href=\"https:\/\/www.gazetadopovo.com.br\/republica\/decisao-do-stf-contra-cpmi-do-inss-reforca-pressao-da-oposicao-para-cpi-do-master\/?utm_source=salesforce&amp;utm_medium=emkt&amp;utm_campaign=newsletter-bom-dia&amp;utm_content=bom-dia\">refor\u00e7ou a press\u00e3o pela cria\u00e7\u00e3o de uma CPI do caso Master<\/a>.<\/p>\n<p><strong>PT repete dobradinha<\/strong>. O presidente Lula confirmou que <a href=\"https:\/\/www.gazetadopovo.com.br\/eleicoes\/2026\/lula-confirma-alckmin-como-seu-candidato-a-vice-presidente\/?utm_source=salesforce&amp;utm_medium=emkt&amp;utm_campaign=newsletter-bom-dia&amp;utm_content=bom-dia\">Geraldo Alckmin ser\u00e1 seu candidato a vice nas elei\u00e7\u00f5es<\/a>. E tamb\u00e9m anunciou <a href=\"https:\/\/www.gazetadopovo.com.br\/republica\/lula-enviara-a-alcolumbre-indicacao-de-messias-ao-stf-mais-de-4-meses-apos-anuncio\/?utm_source=salesforce&amp;utm_medium=emkt&amp;utm_campaign=newsletter-bom-dia&amp;utm_content=bom-dia\">o envio ao Senado da indica\u00e7\u00e3o de Jorge Messias ao STF<\/a>.<\/p>\n<p><strong>Giro pelo mundo<\/strong>. O governo argentino barrou a entrada no pa\u00eds de <a href=\"https:\/\/www.gazetadopovo.com.br\/mundo\/argentina-barra-entrada-de-ativista-brasileiro-de-esquerda-no-pais\/?utm_source=salesforce&amp;utm_medium=emkt&amp;utm_campaign=newsletter-bom-dia&amp;utm_content=bom-dia\">um ativista brasileiro de esquerda<\/a>. Tamb\u00e9m na Argentina, conhe\u00e7a parte das <a href=\"https:\/\/www.gazetadopovo.com.br\/mundo\/90-reformas-de-milei-quais-mudancas-o-governo-libertario-esta-planejando-na-argentina\/?utm_source=salesforce&amp;utm_medium=emkt&amp;utm_campaign=newsletter-bom-dia&amp;utm_content=bom-dia\">90 reformas planejadas por Javier Milei<\/a>.<\/p>\n<h2>Opini\u00e3o da Gazeta<\/h2>\n<p><strong>O STF se blinda e ri do brasileiro<\/strong>. Integrantes do\u00a0STF deram novos passos importantes em um processo escancarado de blindagem em causa pr\u00f3pria. Veja um trecho da opini\u00e3o da Gazeta:<\/p>\n<blockquote>\n<p>Esse discurso que j\u00e1 n\u00e3o se preocupa sequer em parecer consistente com aquilo que a pr\u00f3pria corte afirmou no passado recente evidencia a desfa\u00e7atez institucionalizada. \u00c9, na pr\u00e1tica, uma afronta direta \u00e0 intelig\u00eancia dos brasileiros.<\/p>\n<\/blockquote>\n<p><strong><a href=\"https:\/\/www.gazetadopovo.com.br\/opiniao\/editoriais\/stf-blindagem-banco-master-desfacatez\/?utm_source=salesforce&amp;utm_medium=emkt&amp;utm_campaign=newsletter-bom-dia&amp;utm_content=bom-dia\">Leia o editorial na \u00edntegra<\/a><\/strong><\/p>\n<h2>O que mais voc\u00ea precisa saber hoje<\/h2>\n<p><strong>Caso Master<\/strong>. <a href=\"https:\/\/www.gazetadopovo.com.br\/republica\/moraes-voou-em-jatos-ligados-a-vorcaro-contratados-por-escritorio-da-mulher-diz-jornal\/?utm_source=salesforce&amp;utm_medium=emkt&amp;utm_campaign=newsletter-bom-dia&amp;utm_content=bom-dia\">Moraes voou em jatos ligados a Vorcaro contratados por escrit\u00f3rio da fam\u00edlia, diz jornal<\/a><\/p>\n<p><strong>\u201cConsequ\u00eancias\u201d<\/strong>. <a href=\"https:\/\/www.gazetadopovo.com.br\/republica\/juizes-tambem-erram-e-devem-responder-por-seus-erros-diz-fachin\/?utm_source=salesforce&amp;utm_medium=emkt&amp;utm_campaign=newsletter-bom-dia&amp;utm_content=bom-dia\">Ju\u00edzes tamb\u00e9m erram e devem responder por seus erros, diz Fachin<\/a><\/p>\n<p><strong>Equipe e viagens<\/strong>. <a href=\"https:\/\/www.gazetadopovo.com.br\/republica\/tcu-deve-arquivar-denuncias-de-gastos-excessivos-de-janja\/?utm_source=salesforce&amp;utm_medium=emkt&amp;utm_campaign=newsletter-bom-dia&amp;utm_content=bom-dia\">TCU deve arquivar den\u00fancias de gastos excessivos de Janja<\/a><\/p>\n<p><strong>Viol\u00eancia<\/strong>. <a href=\"https:\/\/www.gazetadopovo.com.br\/ideias\/suecia-prisoes-jovens-13-anos-idade-penal\/?utm_source=salesforce&amp;utm_medium=emkt&amp;utm_campaign=newsletter-bom-dia&amp;utm_content=bom-dia\">Por que um pa\u00eds europeu est\u00e1 construindo pres\u00eddios para adolescentes de 13 anos<\/a><\/p>\n<h2>Colunas e artigos<\/h2>\n<p><strong>Quando a sociedade d\u00e1 exemplo ao Estado<\/strong>. A cidade mineira de Juiz de Fora provou que a mobiliza\u00e7\u00e3o da sociedade \u00e9 mais importante que a a\u00e7\u00e3o do Estado. <a href=\"https:\/\/www.gazetadopovo.com.br\/opiniao\/artigos\/juiz-de-fora-provou-que-mobilizacao-da-sociedade-e-mais-decisiva-que-acao-do-estado\/?utm_source=salesforce&amp;utm_medium=emkt&amp;utm_campaign=newsletter-bom-dia&amp;utm_content=bom-dia\">Entenda como no artigo de Igor Guedes de Carvalho<\/a>.<\/p>\n<p><strong>Luciano Trigo<\/strong> pergunta: <a href=\"https:\/\/www.gazetadopovo.com.br\/vozes\/luciano-trigo\/conseguirao-bloquear\/?utm_source=salesforce&amp;utm_medium=emkt&amp;utm_campaign=newsletter-bom-dia&amp;utm_content=bom-dia\">conseguir\u00e3o bloquear?<\/a><\/p>\n<p><strong>Marcio Antonio Campos <\/strong>mostra que a <a href=\"https:\/\/www.gazetadopovo.com.br\/vozes\/marcio-antonio-campos\/resolucao-assembleia-geral-onu-escravidao-igreja\/?utm_source=salesforce&amp;utm_medium=emkt&amp;utm_campaign=newsletter-bom-dia&amp;utm_content=bom-dia\">ONU distorce rela\u00e7\u00e3o entre Igreja e escravid\u00e3o em resolu\u00e7\u00e3o, e Vaticano reage<\/a>.<\/p>\n<h2>Para inspirar e alegrar<\/h2>\n<p><strong>Terra do caf\u00e9<\/strong>. Com uma safra de 32,4 milh\u00f5es de sacas, um estado ser\u00e1 o respons\u00e1vel por produzir quase metade do caf\u00e9 brasileiro em 2026. <a href=\"https:\/\/www.gazetadopovo.com.br\/brasil\/minas-metade-do-cafe-nacional\/?utm_source=salesforce&amp;utm_medium=emkt&amp;utm_campaign=newsletter-bom-dia&amp;utm_content=bom-dia\">Saiba que estado \u00e9 esse<\/a>.<\/p>\n<\/div>","protected":false},"excerpt":{"rendered":"<p>Esse conte\u00fado faz parte da newsletter Bom Dia, enviada por e-mail todas as manh\u00e3s para que voc\u00ea comece o dia&hellip;<\/p>\n","protected":false},"author":4,"featured_media":326862,"comment_status":"open","ping_status":"open","sticky":false,"template":"","format":"standard","meta":{"footnotes":""},"categories":[241],"tags":[],"class_list":["post-330372","post","type-post","status-publish","format-standard","has-post-thumbnail","hentry","category-senado-federal"],"_links":{"self":[{"href":"https:\/\/villanews.com.br\/index.php?rest_route=\/wp\/v2\/posts\/330372","targetHints":{"allow":["GET"]}}],"collection":[{"href":"https:\/\/villanews.com.br\/index.php?rest_route=\/wp\/v2\/posts"}],"about":[{"href":"https:\/\/villanews.com.br\/index.php?rest_route=\/wp\/v2\/types\/post"}],"author":[{"embeddable":true,"href":"https:\/\/villanews.com.br\/index.php?rest_route=\/wp\/v2\/users\/4"}],"replies":[{"embeddable":true,"href":"https:\/\/villanews.com.br\/index.php?rest_route=%2Fwp%2Fv2%2Fcomments&post=330372"}],"version-history":[{"count":0,"href":"https:\/\/villanews.com.br\/index.php?rest_route=\/wp\/v2\/posts\/330372\/revisions"}],"wp:featuredmedia":[{"embeddable":true,"href":"https:\/\/villanews.com.br\/index.php?rest_route=\/wp\/v2\/media\/326862"}],"wp:attachment":[{"href":"https:\/\/villanews.com.br\/index.php?rest_route=%2Fwp%2Fv2%2Fmedia&parent=330372"}],"wp:term":[{"taxonomy":"category","embeddable":true,"href":"https:\/\/villanews.com.br\/index.php?rest_route=%2Fwp%2Fv2%2Fcategories&post=330372"},{"taxonomy":"post_tag","embeddable":true,"href":"https:\/\/villanews.com.br\/index.php?rest_route=%2Fwp%2Fv2%2Ftags&post=330372"}],"curies":[{"name":"wp","href":"https:\/\/api.w.org\/{rel}","templated":true}]}}