{"id":329583,"date":"2026-04-01T22:34:24","date_gmt":"2026-04-02T02:34:24","guid":{"rendered":"https:\/\/villanews.com.br\/?p=329583"},"modified":"2026-04-01T22:34:24","modified_gmt":"2026-04-02T02:34:24","slug":"valdemar-elogia-messias-e-diz-ter-ficado-chateado-com-moraes-apos-prisao","status":"publish","type":"post","link":"https:\/\/villanews.com.br\/?p=329583","title":{"rendered":"Valdemar elogia Messias e diz ter ficado \u201cchateado\u201d com Moraes ap\u00f3s pris\u00e3o"},"content":{"rendered":"<div class=\"postBody_post-body-container__1KhtH\">\n<p>O presidente do PL, <a href=\"https:\/\/www.gazetadopovo.com.br\/tudo-sobre\/valdemar-costa-neto\/\">Valdemar Costa Neto<\/a>, elogiou nesta quarta-feira (1\u00ba) a indica\u00e7\u00e3o do advogado-geral da Uni\u00e3o, Jorge Messias, ao Supremo Tribunal Federal (STF). Apesar de considerar que Messias est\u00e1 \u201cfechado\u201d com o presidente Luiz In\u00e1cio Lula da Silva (PT), o dirigente apontou que ele \u00e9 um &#8220;camarada de bem&#8221;.<\/p>\n<p>Valdemar defendeu que \u00e9 natural que Lula escolha algu\u00e9m de confian\u00e7a para a Corte, comparando a situa\u00e7\u00e3o \u00e0 indica\u00e7\u00e3o do ministro Cristiano Zanin, que foi advogado do petista.<\/p>\n<p>\u201cTodas as informa\u00e7\u00f5es que eu tenho do Jorge Messias s\u00e3o de que ele, l\u00f3gico, \u00e9 Lula fechado, \u00e9 PT fechado, mas \u00e9 um camarada de bem. Quando vi que o Lula ia indicar o [Cristiano] Zanin, por exemplo, eu achei bom&#8221;, afirmou o presidente do PL em entrevista ao portal <em>Metr\u00f3poles<\/em>.<\/p>\n<p>VEJA TAMB\u00c9M:<\/p>\n<p>Para o presidente do PL, Messias figura entre os melhores nomes que Lula tem \u00e0 disposi\u00e7\u00e3o no momento. O dirigente previu, inclusive, que o Senado possui maioria para aprovar a indica\u00e7\u00e3o, afirmando que &#8220;n\u00e3o t\u00eam o que falar do Messias&#8221;.<\/p>\n<p>\u201cNosso pessoal [do PL] \u00e9 contra, mas n\u00e3o adianta ser contra, porque eles t\u00eam maioria no Senado. N\u00e3o tenho o que falar do Messias. N\u00e3o estou defendendo o Messias, n\u00e3o\u201d, destacou.<\/p>\n<h2>Bolsonaro deu for\u00e7a a Moraes ao ceder durante o governo, diz Valdemar<\/h2>\n<p>Durante a entrevista, Valdemar criticou o que considera uma contribui\u00e7\u00e3o do governo Bolsonaro para o fortalecimento do poder do ministro Alexandre de Moraes.<\/p>\n<p>Segundo ele, o ex-presidente &#8220;deu for\u00e7a para o Alexandre crescer&#8221; ao ceder em epis\u00f3dios como a entrega da grava\u00e7\u00e3o da <a href=\"https:\/\/www.gazetadopovo.com.br\/republica\/stf-libera-integra-do-video-que-embasou-operacao-da-pf-veja-o-que-bolsonaro-disse\/\">reuni\u00e3o ministerial<\/a>, que resultou na Opera\u00e7\u00e3o <em>Tempus Veritatis<\/em>, e ao recuar na nomea\u00e7\u00e3o de Alexandre Ramagem para o comando da Pol\u00edcia Federal ap\u00f3s o veto do ministro.<\/p>\n<p>O presidente do PL disse que chegou a ter uma \u201cboa rela\u00e7\u00e3o\u201d com Moraes, mas relatou que a proximidade acabou ap\u00f3s ele determinar sua pris\u00e3o. Em fevereiro de 2024, Valdemar foi alvo de busca e apreens\u00e3o na Opera\u00e7\u00e3o Tempus Veritatis, que investiga a suposta tentativa de golpe de Estado.<\/p>\n<p>\u201cCom o STF, eu tenho boa rela\u00e7\u00e3o, com o ministro Gilmar Mendes, tenho muito respeito por ele. Tenho pouca rela\u00e7\u00e3o com o [Edson] Fachin [presidente da Corte], mas respeito muito ele tamb\u00e9m. Temos bons ministros l\u00e1. Agora, com o Alexandre, nunca mais tive. Ele era meu amigo antes, porque era de S\u00e3o Paulo e eu me dava bem com ele\u201d, afirmou.<\/p>\n<p>Na ocasi\u00e3o, os agentes da PF encontraram uma arma de fogo com registro vencido, e ele foi preso em flagrante em 8 de fevereiro. No dia seguinte, o ministro converteu o flagrante em pris\u00e3o preventiva. Valdemar foi <a href=\"https:\/\/www.gazetadopovo.com.br\/republica\/moraes-concede-liberdade-provisoria-a-valdemar-costa-neto\/\">solto<\/a> no dia 10 de fevereiro, mediante a aplica\u00e7\u00e3o de medidas cautelares.<\/p>\n<p>\u201cEssas coisas n\u00e3o me assustam, mas fiquei chateado. N\u00e3o ataco ele [Moraes], evito falar do Supremo para n\u00e3o arrumar problema para o nosso pessoal\u201d, destacou.<\/p>\n<p>VEJA TAMB\u00c9M:<\/p>\n<\/div>","protected":false},"excerpt":{"rendered":"<p>O presidente do PL, Valdemar Costa Neto, elogiou nesta quarta-feira (1\u00ba) a indica\u00e7\u00e3o do advogado-geral da Uni\u00e3o, Jorge Messias, ao&hellip;<\/p>\n","protected":false},"author":4,"featured_media":328534,"comment_status":"open","ping_status":"open","sticky":false,"template":"","format":"standard","meta":{"footnotes":""},"categories":[5],"tags":[],"class_list":["post-329583","post","type-post","status-publish","format-standard","has-post-thumbnail","hentry","category-politica"],"_links":{"self":[{"href":"https:\/\/villanews.com.br\/index.php?rest_route=\/wp\/v2\/posts\/329583","targetHints":{"allow":["GET"]}}],"collection":[{"href":"https:\/\/villanews.com.br\/index.php?rest_route=\/wp\/v2\/posts"}],"about":[{"href":"https:\/\/villanews.com.br\/index.php?rest_route=\/wp\/v2\/types\/post"}],"author":[{"embeddable":true,"href":"https:\/\/villanews.com.br\/index.php?rest_route=\/wp\/v2\/users\/4"}],"replies":[{"embeddable":true,"href":"https:\/\/villanews.com.br\/index.php?rest_route=%2Fwp%2Fv2%2Fcomments&post=329583"}],"version-history":[{"count":0,"href":"https:\/\/villanews.com.br\/index.php?rest_route=\/wp\/v2\/posts\/329583\/revisions"}],"wp:featuredmedia":[{"embeddable":true,"href":"https:\/\/villanews.com.br\/index.php?rest_route=\/wp\/v2\/media\/328534"}],"wp:attachment":[{"href":"https:\/\/villanews.com.br\/index.php?rest_route=%2Fwp%2Fv2%2Fmedia&parent=329583"}],"wp:term":[{"taxonomy":"category","embeddable":true,"href":"https:\/\/villanews.com.br\/index.php?rest_route=%2Fwp%2Fv2%2Fcategories&post=329583"},{"taxonomy":"post_tag","embeddable":true,"href":"https:\/\/villanews.com.br\/index.php?rest_route=%2Fwp%2Fv2%2Ftags&post=329583"}],"curies":[{"name":"wp","href":"https:\/\/api.w.org\/{rel}","templated":true}]}}