{"id":329371,"date":"2026-04-01T23:27:45","date_gmt":"2026-04-02T03:27:45","guid":{"rendered":"https:\/\/villanews.com.br\/?p=329371"},"modified":"2026-04-01T23:27:45","modified_gmt":"2026-04-02T03:27:45","slug":"pacheco-se-filia-ao-psb-e-critica-sucateamento-da-maquina-publica-em-minas-gerais","status":"publish","type":"post","link":"https:\/\/villanews.com.br\/?p=329371","title":{"rendered":"Pacheco se filia ao PSB e critica \u201csucateamento da m\u00e1quina p\u00fablica\u201d em Minas Gerais"},"content":{"rendered":"<div class=\"postBody_post-body-container__1KhtH\">\n<p>O senador Rodrigo Pacheco deixou o PSD e oficializou, na noite desta quarta-feira (1\u00ba), sua filia\u00e7\u00e3o ao Partido Socialista Brasileiro (PSB). O presidente Luiz In\u00e1cio Lula da Silva (PT) defende a candidatura de Pacheco ao governo de Minas Gerais.<\/p>\n<p>Historicamente, o candidato ao Planalto que ganha em Minas, \u00e9 eleito presidente. Com Pacheco na disputa, Lula teria um palanque assegurado no estado. O vice-presidente Geraldo Alckmin (PSB) participou do evento.<\/p>\n<p>O senador evitou confirmar sua pr\u00e9-candidatura, mas disse que o partido deve discutir nos pr\u00f3ximos dias a composi\u00e7\u00e3o das chapas com aliados e \u201cum caminho diferente\u201d para a regi\u00e3o.<\/p>\n<p>VEJA TAMB\u00c9M:<\/p>\n<p>Ele apontou um cen\u00e1rio de &#8220;sucateamento da m\u00e1quina p\u00fablica&#8221; e criticou o endividamento de Minas Gerais, que soma R$ 185 bilh\u00f5es com a Uni\u00e3o. O estado era governado por Romeu Zema (Novo), que deixou o cargo para disputar a presid\u00eancia da Rep\u00fablica.<\/p>\n<p>Segundo o senador, o PSB buscar\u00e1, junto a outros grupos pol\u00edticos e partidos, um caminho de progresso, desenvolvimento e valoriza\u00e7\u00e3o dos servidores p\u00fablicos para reverter o quadro de um estado onde, em sua vis\u00e3o, &#8220;h\u00e1 tudo por fazer&#8221; nas \u00e1reas de sa\u00fade, educa\u00e7\u00e3o, infraestrutura e seguran\u00e7a.<\/p>\n<p>Ex-vice de Zema e atual governador, Mateus Sim\u00f5es trocou o partido Novo pelo PSD. O movimento poderia inviabilizar a eventual candidatura de Pacheco, j\u00e1 que Sim\u00f5es pretende tentar a reelei\u00e7\u00e3o.<\/p>\n<p>Em seu discurso, ele disse estar alinhado com os valores do PSB, destacando que o partido \u00e9 formado por &#8220;pessoas respons\u00e1veis&#8221; e com &#8220;compromisso democr\u00e1tico&#8221;.<\/p>\n<p>Ele declarou sentir-se &#8220;confort\u00e1vel&#8221; e com o &#8220;cora\u00e7\u00e3o cheio de alegria&#8221; na nova sigla. Pacheco ressaltou que a defesa das institui\u00e7\u00f5es \u00e9 uma obriga\u00e7\u00e3o que n\u00e3o deve ser trocada por &#8220;likes em rede social&#8221;.<\/p>\n<p>VEJA TAMB\u00c9M:<\/p>\n<\/div>","protected":false},"excerpt":{"rendered":"<p>O senador Rodrigo Pacheco deixou o PSD e oficializou, na noite desta quarta-feira (1\u00ba), sua filia\u00e7\u00e3o ao Partido Socialista Brasileiro&hellip;<\/p>\n","protected":false},"author":4,"featured_media":328673,"comment_status":"open","ping_status":"open","sticky":false,"template":"","format":"standard","meta":{"footnotes":""},"categories":[204],"tags":[],"class_list":["post-329371","post","type-post","status-publish","format-standard","has-post-thumbnail","hentry","category-ultimas-noticias"],"_links":{"self":[{"href":"https:\/\/villanews.com.br\/index.php?rest_route=\/wp\/v2\/posts\/329371","targetHints":{"allow":["GET"]}}],"collection":[{"href":"https:\/\/villanews.com.br\/index.php?rest_route=\/wp\/v2\/posts"}],"about":[{"href":"https:\/\/villanews.com.br\/index.php?rest_route=\/wp\/v2\/types\/post"}],"author":[{"embeddable":true,"href":"https:\/\/villanews.com.br\/index.php?rest_route=\/wp\/v2\/users\/4"}],"replies":[{"embeddable":true,"href":"https:\/\/villanews.com.br\/index.php?rest_route=%2Fwp%2Fv2%2Fcomments&post=329371"}],"version-history":[{"count":0,"href":"https:\/\/villanews.com.br\/index.php?rest_route=\/wp\/v2\/posts\/329371\/revisions"}],"wp:featuredmedia":[{"embeddable":true,"href":"https:\/\/villanews.com.br\/index.php?rest_route=\/wp\/v2\/media\/328673"}],"wp:attachment":[{"href":"https:\/\/villanews.com.br\/index.php?rest_route=%2Fwp%2Fv2%2Fmedia&parent=329371"}],"wp:term":[{"taxonomy":"category","embeddable":true,"href":"https:\/\/villanews.com.br\/index.php?rest_route=%2Fwp%2Fv2%2Fcategories&post=329371"},{"taxonomy":"post_tag","embeddable":true,"href":"https:\/\/villanews.com.br\/index.php?rest_route=%2Fwp%2Fv2%2Ftags&post=329371"}],"curies":[{"name":"wp","href":"https:\/\/api.w.org\/{rel}","templated":true}]}}