{"id":329370,"date":"2026-04-01T23:29:18","date_gmt":"2026-04-02T03:29:18","guid":{"rendered":"https:\/\/villanews.com.br\/?p=329370"},"modified":"2026-04-01T23:29:18","modified_gmt":"2026-04-02T03:29:18","slug":"quem-e-jorge-messias-e-o-que-ele-prometeu-ao-senado-para-assumir-o-stf","status":"publish","type":"post","link":"https:\/\/villanews.com.br\/?p=329370","title":{"rendered":"Quem \u00e9 Jorge Messias e o que ele prometeu ao Senado para assumir o STF?"},"content":{"rendered":"<div class=\"postBody_post-body-container__1KhtH\">\n<p>O advogado-geral da Uni\u00e3o, Jorge Messias, formalizou nesta quarta-feira (1\u00ba) sua indica\u00e7\u00e3o ao STF. Em carta enviada ao Senado, o indicado do presidente Lula destacou seus valores crist\u00e3os e compromisso com a harmonia entre os Poderes, buscando vencer resist\u00eancias na Casa.<\/p>\n<h2>Quais valores Jorge Messias destacou em sua mensagem aos senadores?<\/h2>\n<p>Messias afirmou que sua atua\u00e7\u00e3o ser\u00e1 guiada pela f\u00e9, fam\u00edlia, trabalho e \u00e9tica no servi\u00e7o p\u00fablico. Ele ressaltou sua origem evang\u00e9lica, mencionando ser filho de pais crist\u00e3os e membro da Igreja Batista, um aceno claro \u00e0 bancada religiosa do Congresso.<\/p>\n<h2>Como o indicado pretende lidar com a rela\u00e7\u00e3o entre o STF e o Congresso?<\/h2>\n<p>Ele defendeu o respeito absoluto \u00e0 separa\u00e7\u00e3o dos Poderes e afirmou ter consci\u00eancia de que o cargo exige distanciamento institucional. Messias citou sua atua\u00e7\u00e3o na AGU para resolver conflitos sobre emendas parlamentares e desonera\u00e7\u00e3o da folha como prova de seu perfil conciliador.<\/p>\n<h2>Qual \u00e9 o posicionamento de outros ministros do Supremo sobre a indica\u00e7\u00e3o?<\/h2>\n<p>Jorge Messias j\u00e1 recebeu apoio p\u00fablico do ministro Andr\u00e9 Mendon\u00e7a, que tamb\u00e9m tem perfil evang\u00e9lico e comandou a AGU. J\u00e1 o ministro Fl\u00e1vio Dino, que foi seu concorrente direto em indica\u00e7\u00f5es anteriores, optou pelo sil\u00eancio por considerar o tema politicamente controvertido no momento.<\/p>\n<h2>Como ser\u00e1 o rito de aprova\u00e7\u00e3o no Senado Federal?<\/h2>\n<p>A indica\u00e7\u00e3o segue para a Comiss\u00e3o de Constitui\u00e7\u00e3o e Justi\u00e7a (CCJ), hoje presidida pelo senador Otto Alencar. Ap\u00f3s a leitura do relat\u00f3rio e o prazo para an\u00e1lise, Messias enfrentar\u00e1 uma sabatina. Se aprovado na comiss\u00e3o, o nome precisa de pelo menos 41 votos no plen\u00e1rio do Senado.<\/p>\n<h2>H\u00e1 algum obst\u00e1culo pol\u00edtico esperado para a sabatina?<\/h2>\n<p>Embora Messias tente um caminho mais suave que seus antecessores, ele depende do cronograma ditado pelo presidente do Senado, Davi Alcolumbre. O relator escolhido deve ser o senador Weverton Rocha, que recentemente foi alvo de opera\u00e7\u00f5es policiais, o que adiciona uma camada de complexidade pol\u00edtica ao processo.<\/p>\n<p><i>Conte\u00fado produzido a partir de informa\u00e7\u00f5es apuradas pela equipe de rep\u00f3rteres da Gazeta do Povo. Para acessar a informa\u00e7\u00e3o na \u00edntegra e se aprofundar sobre o tema leia a reportagem abaixo.<\/i><\/p>\n<p>VEJA TAMB\u00c9M:<\/p>\n<\/div>","protected":false},"excerpt":{"rendered":"<p>O advogado-geral da Uni\u00e3o, Jorge Messias, formalizou nesta quarta-feira (1\u00ba) sua indica\u00e7\u00e3o ao STF. Em carta enviada ao Senado, o&hellip;<\/p>\n","protected":false},"author":4,"featured_media":328671,"comment_status":"open","ping_status":"open","sticky":false,"template":"","format":"standard","meta":{"footnotes":""},"categories":[204],"tags":[],"class_list":["post-329370","post","type-post","status-publish","format-standard","has-post-thumbnail","hentry","category-ultimas-noticias"],"_links":{"self":[{"href":"https:\/\/villanews.com.br\/index.php?rest_route=\/wp\/v2\/posts\/329370","targetHints":{"allow":["GET"]}}],"collection":[{"href":"https:\/\/villanews.com.br\/index.php?rest_route=\/wp\/v2\/posts"}],"about":[{"href":"https:\/\/villanews.com.br\/index.php?rest_route=\/wp\/v2\/types\/post"}],"author":[{"embeddable":true,"href":"https:\/\/villanews.com.br\/index.php?rest_route=\/wp\/v2\/users\/4"}],"replies":[{"embeddable":true,"href":"https:\/\/villanews.com.br\/index.php?rest_route=%2Fwp%2Fv2%2Fcomments&post=329370"}],"version-history":[{"count":0,"href":"https:\/\/villanews.com.br\/index.php?rest_route=\/wp\/v2\/posts\/329370\/revisions"}],"wp:featuredmedia":[{"embeddable":true,"href":"https:\/\/villanews.com.br\/index.php?rest_route=\/wp\/v2\/media\/328671"}],"wp:attachment":[{"href":"https:\/\/villanews.com.br\/index.php?rest_route=%2Fwp%2Fv2%2Fmedia&parent=329370"}],"wp:term":[{"taxonomy":"category","embeddable":true,"href":"https:\/\/villanews.com.br\/index.php?rest_route=%2Fwp%2Fv2%2Fcategories&post=329370"},{"taxonomy":"post_tag","embeddable":true,"href":"https:\/\/villanews.com.br\/index.php?rest_route=%2Fwp%2Fv2%2Ftags&post=329370"}],"curies":[{"name":"wp","href":"https:\/\/api.w.org\/{rel}","templated":true}]}}