{"id":328663,"date":"2026-04-01T21:28:29","date_gmt":"2026-04-02T01:28:29","guid":{"rendered":"https:\/\/villanews.com.br\/?p=328663"},"modified":"2026-04-01T21:28:29","modified_gmt":"2026-04-02T01:28:29","slug":"em-carta-ao-senado-messias-cita-origem-evangelica-e-diz-ser-guiado-por-fe-e-etica","status":"publish","type":"post","link":"https:\/\/villanews.com.br\/?p=328663","title":{"rendered":"Em carta ao Senado, Messias cita origem evang\u00e9lica e diz ser guiado por f\u00e9 e \u00e9tica"},"content":{"rendered":"<div class=\"postBody_post-body-container__1KhtH\">\n<p>O advogado-geral da Uni\u00e3o, Jorge Messias, afirmou que atuar\u00e1 com \u201cimparcialidade\u201d e \u201cguiado\u201d por valores, como f\u00e9, fam\u00edlia e trabalho, se for aprovado pelo Senado para ocupar uma vaga no Supremo Tribunal (STF). A declara\u00e7\u00e3o faz parte da <a href=\"https:\/\/www.gazetadopovo.com.br\/republica\/lula-envia-indicacao-de-messias-ao-stf-quase-seis-meses-apos-saida-de-barroso\/\">mensagem oficial<\/a> que formalizou sua indica\u00e7\u00e3o nesta quarta-feira (1\u00ba).<\/p>\n<p>\u201cMeu compromisso, se aprovado por esta Casa, \u00e9 o de exercer a jurisdi\u00e7\u00e3o constitucional com independ\u00eancia, imparcialidade e fidelidade \u00e0 Constitui\u00e7\u00e3o e observ\u00e2ncia \u00e0 Lei Org\u00e2nica da Magistratura Nacional (Loman), e guiado pelos valores que me formam: a f\u00e9, a fam\u00edlia, o trabalho, a \u00e9tica no servi\u00e7o p\u00fablico, a justi\u00e7a e o amor ao Brasil\u201d, disse.<\/p>\n<p>Na carta aos senadores, Messias diz ter promovido a \u201charmonia entre os poderes em lit\u00edgios estruturantes, por meio da promo\u00e7\u00e3o do di\u00e1logo interinstitucional\u201d em temas como a desonera\u00e7\u00e3o da folha de pagamentos e as <a href=\"https:\/\/www.gazetadopovo.com.br\/economia\/agu-pede-ao-stf-revisao-de-exigencias-para-liberar-emendas-e-aceno-ao-congresso\/\">emendas parlamentares<\/a>, motivo de embate entre o Congresso e a Corte.<\/p>\n<p>VEJA TAMB\u00c9M:<\/p>\n<p>Parte dos parlamentares consideram que as decis\u00f5es do STF sobre a execu\u00e7\u00e3o de emendas invadem a compet\u00eancia exclusiva do Congresso para decidir sobre o tema. As a\u00e7\u00f5es s\u00e3o relatadas pelo ministro Fl\u00e1vio Dino.<\/p>\n<p>Messias disse ter \u201cabsoluta consci\u00eancia\u201d de que o cargo de ministro do Supremo \u201cexige distanciamento institucional, serenidade decis\u00f3ria e respeito absoluto \u00e0 separa\u00e7\u00e3o dos Poderes\u201d.<\/p>\n<p>No ano passado, Dino afirmou que n\u00e3o pretendia se manifestar sobre a indica\u00e7\u00e3o do advogado-geral da Uni\u00e3o \u00e0 Corte por se tratar de um <a href=\"https:\/\/www.gazetadopovo.com.br\/republica\/dino-justifica-silencio-sobre-indicacao-de-messias-ao-stf\/\">\u201cassunto politicamente controvertido\u201d<\/a>.<\/p>\n<p>\u201cO meu \u2018sil\u00eancio\u2019 deriva de prudente dist\u00e2ncia de um assunto politicamente controvertido, ainda em aprecia\u00e7\u00e3o no Senado Federal. No momento pr\u00f3prio, ap\u00f3s a leg\u00edtima delibera\u00e7\u00e3o das senadoras e dos senadores, poderei me manifestar, se for cab\u00edvel\u201d, disse o ministro, em nota divulgada no dia 1\u00ba de dezembro.<\/p>\n<p>Messias foi um dos <a href=\"https:\/\/www.gazetadopovo.com.br\/republica\/lula-chama-dino-sinal-possivel-indicacao-stf-gonet-novo-pgr\/\">\u201cadvers\u00e1rios\u201d<\/a> de Dino na disputa pela vaga da ministra aposentada Rosa Weber, em 2023. No comunicado, o ministro afirmou que \u201cnunca\u201d teve \u201cqualquer controv\u00e9rsia\u201d com o AGU.<\/p>\n<h2>Messias destaca origem evang\u00e9lica<\/h2>\n<p>Membro da Igreja Batista Crist\u00e3 de Bras\u00edlia, Messias tamb\u00e9m ressaltou que \u00e9 \u201cfilho de pais evang\u00e9licos\u201d. Ap\u00f3s a escolha de Messias, o ministro Andr\u00e9 Mendon\u00e7a, indicado pelo ex-presidente Jair Bolsonaro (PL), foi o primeiro integrante da Corte a declarar publicamente seu <a href=\"https:\/\/www.gazetadopovo.com.br\/republica\/mendonca-promete-ajudar-messias-no-senado-por-vaga-no-stf-veja-reacoes\/\">apoio <\/a>ao indicado de Lula.<\/p>\n<p>Desde o in\u00edcio de seu governo, Bolsonaro afirmava que escolheria algu\u00e9m &#8220;terrivelmente evang\u00e9lico&#8221; para o cargo. Mendon\u00e7a \u00e9 pastor da Igreja Presbiteriana. No final de 2025, os dois participaram de um culto, em S\u00e3o Paulo.<\/p>\n<p>&#8220;Eu n\u00e3o quero que algu\u00e9m que tenha bons princ\u00edpios e bons valores passe pela mesma situa\u00e7\u00e3o que eu passei. Assim como considero que n\u00e3o fui tratado com a devida justi\u00e7a, eu n\u00e3o quero que um irm\u00e3o meu passe pelo que eu passei&#8221;, disse Mendon\u00e7a no evento.<\/p>\n<p>Mendon\u00e7a enfrentou resist\u00eancia do atual presidente do Senado, Davi Alcolumbre (Uni\u00e3o-AP), em 2021. Ent\u00e3o presidente da CCJ, o senador fez o ministro esperar por mais de quatro meses pela sabatina.<\/p>\n<p>Na ocasi\u00e3o, Alcolumbre defendeu a indica\u00e7\u00e3o do ent\u00e3o procurador-geral da Rep\u00fablica, Augusto Aras. Agora, seu preferido para a vaga era o senador Rodrigo Pacheco (PSD-MG).<\/p>\n<p>Al\u00e9m disso, assim como o indicado de Lula, Mendon\u00e7a tamb\u00e9m comandava a Advocacia-Geral da Uni\u00e3o (AGU) quando foi indicado ao Supremo.<\/p>\n<h2>Pr\u00f3ximos passos para Messias<\/h2>\n<p>Primeiro, Alcolumbre deve encaminhar a indica\u00e7\u00e3o ao presidente da Comiss\u00e3o de Constitui\u00e7\u00e3o e Justi\u00e7a (CCJ) do Senado, Otto Alencar (PSD-BA). N\u00e3o h\u00e1 prazo para o presidente do Senado enviar o documento.<\/p>\n<p>Nesta ter\u00e7a (31), Alencar afirmou que a mensagem oficial ser\u00e1 analisada no prazo de 8 a 15 dias quando chegar \u00e0 CCJ, mas destacou que a sabatina ocorrer\u00e1 <a href=\"https:\/\/www.gazetadopovo.com.br\/republica\/presidente-da-ccj-diz-que-sabatina-de-messias-ocorrera-no-tempo-de-alcolumbre\/\">\u201cno tempo de Davi\u201d<\/a>.<\/p>\n<p>Em seguida, o presidente da CCJ deve ler a indica\u00e7\u00e3o na comiss\u00e3o e abrir o prazo para pedidos de vista dos senadores. Conclu\u00edda essa etapa, o indicado \u00e9 sabatinado.<\/p>\n<p>No final da sess\u00e3o, o relator da indica\u00e7\u00e3o apresentar\u00e1 um parecer pela aprova\u00e7\u00e3o ou rejei\u00e7\u00e3o do nome de Messias. O colegiado, ent\u00e3o, votar\u00e1 o relat\u00f3rio. A vota\u00e7\u00e3o \u00e9 secreta.<\/p>\n<p>Alencar j\u00e1 sinalizou que deve manter o senador Weverton Rocha (PDT-MA) como relator da sabatina de Messias. Em dezembro, Rocha foi alvo de busca e apreens\u00e3o no \u00e2mbito da Opera\u00e7\u00e3o Sem Desconto, que investiga descontos ilegais em aposentadorias do INSS.<\/p>\n<p>Messias ainda precisar\u00e1 de ao menos 41 votos no plen\u00e1rio do Senado. Caso seja aprovado, seu nome ser\u00e1 oficializado em uma edi\u00e7\u00e3o do Di\u00e1rio Oficial da Uni\u00e3o (DOU). Por fim, a cerim\u00f4nia de posse \u00e9 marcada e organizada pelo STF.<\/p>\n<p>VEJA TAMB\u00c9M:<\/p>\n<\/div>","protected":false},"excerpt":{"rendered":"<p>O advogado-geral da Uni\u00e3o, Jorge Messias, afirmou que atuar\u00e1 com \u201cimparcialidade\u201d e \u201cguiado\u201d por valores, como f\u00e9, fam\u00edlia e trabalho,&hellip;<\/p>\n","protected":false},"author":4,"featured_media":328421,"comment_status":"open","ping_status":"open","sticky":false,"template":"","format":"standard","meta":{"footnotes":""},"categories":[5],"tags":[],"class_list":["post-328663","post","type-post","status-publish","format-standard","has-post-thumbnail","hentry","category-politica"],"_links":{"self":[{"href":"https:\/\/villanews.com.br\/index.php?rest_route=\/wp\/v2\/posts\/328663","targetHints":{"allow":["GET"]}}],"collection":[{"href":"https:\/\/villanews.com.br\/index.php?rest_route=\/wp\/v2\/posts"}],"about":[{"href":"https:\/\/villanews.com.br\/index.php?rest_route=\/wp\/v2\/types\/post"}],"author":[{"embeddable":true,"href":"https:\/\/villanews.com.br\/index.php?rest_route=\/wp\/v2\/users\/4"}],"replies":[{"embeddable":true,"href":"https:\/\/villanews.com.br\/index.php?rest_route=%2Fwp%2Fv2%2Fcomments&post=328663"}],"version-history":[{"count":0,"href":"https:\/\/villanews.com.br\/index.php?rest_route=\/wp\/v2\/posts\/328663\/revisions"}],"wp:featuredmedia":[{"embeddable":true,"href":"https:\/\/villanews.com.br\/index.php?rest_route=\/wp\/v2\/media\/328421"}],"wp:attachment":[{"href":"https:\/\/villanews.com.br\/index.php?rest_route=%2Fwp%2Fv2%2Fmedia&parent=328663"}],"wp:term":[{"taxonomy":"category","embeddable":true,"href":"https:\/\/villanews.com.br\/index.php?rest_route=%2Fwp%2Fv2%2Fcategories&post=328663"},{"taxonomy":"post_tag","embeddable":true,"href":"https:\/\/villanews.com.br\/index.php?rest_route=%2Fwp%2Fv2%2Ftags&post=328663"}],"curies":[{"name":"wp","href":"https:\/\/api.w.org\/{rel}","templated":true}]}}