{"id":328573,"date":"2026-04-01T22:52:16","date_gmt":"2026-04-02T02:52:16","guid":{"rendered":"https:\/\/villanews.com.br\/?p=328573"},"modified":"2026-04-01T22:52:16","modified_gmt":"2026-04-02T02:52:16","slug":"cuba-registra-mais-de-12-mil-protestos-em-marco-em-meio-a-pressao-dos-eua-por-mudanca-de-regime","status":"publish","type":"post","link":"https:\/\/villanews.com.br\/?p=328573","title":{"rendered":"Cuba registra mais de 1,2 mil protestos em mar\u00e7o em meio \u00e0 press\u00e3o dos EUA por mudan\u00e7a de regime"},"content":{"rendered":"<div class=\"postBody_post-body-container__1KhtH\">\n<p>A ONG Observatorio Cubano de Conflictos afirmou, em relat\u00f3rio publicado nesta semana, que registrou 1.245 protestos, den\u00fancias e a\u00e7\u00f5es c\u00edvicas em Cuba ao longo do m\u00eas de mar\u00e7o, em meio ao agravamento da crise interna na ilha e \u00e0 press\u00e3o crescente dos Estados Unidos por uma mudan\u00e7a pol\u00edtica no pa\u00eds, que atualmente vive sob o regime comunista.<\/p>\n<p>De acordo com o levantamento, o n\u00famero representa um aumento em rela\u00e7\u00e3o aos 1.185 registros de fevereiro e quase 80% a mais do que no mesmo per\u00edodo de 2025. Segundo a organiza\u00e7\u00e3o, as manifesta\u00e7\u00f5es ocorreram em todas as prov\u00edncias da ilha, com destaque para a regi\u00e3o da capital Havana, que concentrou mais da metade dos casos.<\/p>\n<p>O relat\u00f3rio aponta que o principal motor da insatisfa\u00e7\u00e3o popular foi a crise energ\u00e9tica. Conforme a ONG, tr\u00eas colapsos nacionais do sistema el\u00e9trico ao longo do m\u00eas de mar\u00e7o provocaram uma sequ\u00eancia de protestos presenciais, incluindo panela\u00e7os, fogueiras e gritos de \u201cliberdade\u201d durante a noite.<\/p>\n<p>Segundo o Observatorio, um dos epis\u00f3dios mais emblem\u00e1ticos ocorreu em 13 de mar\u00e7o, na cidade de Mor\u00f3n, na prov\u00edncia de Ciego de \u00c1vila, quando manifestantes invadiram uma sede local do Partido Comunista, retiraram m\u00f3veis e documentos e atearam fogo ao local.<\/p>\n<p>A organiza\u00e7\u00e3o tamb\u00e9m destacou o aumento das chamadas \u201ca\u00e7\u00f5es desafiadoras ao Estado\u201d, que somaram 556 ocorr\u00eancias no m\u00eas &#8211; um recorde, segundo o relat\u00f3rio. Essas a\u00e7\u00f5es incluem iniciativas consideradas mais arriscadas pelos manifestantes, por potencialmente gerar repress\u00e3o direta por parte das autoridades.<\/p>\n<p>De acordo com o levantamento, a resposta do regime cubano incluiu pelo menos 159 atos repressivos, com mais de 40 deten\u00e7\u00f5es de manifestantes.<\/p>\n<p>Al\u00e9m da crise energ\u00e9tica, o relat\u00f3rio aponta que a escassez de alimentos, a infla\u00e7\u00e3o e o colapso do sistema de abastecimento continuam pressionando a popula\u00e7\u00e3o. Segundo a ONG, o sistema de racionamento estatal segue em deteriora\u00e7\u00e3o, enquanto os pre\u00e7os de alimentos b\u00e1sicos aumentaram significativamente devido \u00e0 falta de combust\u00edvel e dificuldades log\u00edsticas.<\/p>\n<p>O sistema de sa\u00fade tamb\u00e9m foi impactado pela crise, segundo a organiza\u00e7\u00e3o, com relatos de falta de medicamentos, falhas no fornecimento de energia em hospitais e longas filas para cirurgias e atendimentos.<\/p>\n<p>O aumento das manifesta\u00e7\u00f5es ocorre em um momento de press\u00e3o intensificada dos Estados Unidos sobre o regime cubano. O governo do presidente Donald Trump ampliou nos \u00faltimos meses medidas para restringir o fornecimento de petr\u00f3leo \u00e0 ilha, agravando a crise energ\u00e9tica.<\/p>\n<p>Autoridades americanas avaliam que o atual cen\u00e1rio pode abrir espa\u00e7o para uma transi\u00e7\u00e3o pol\u00edtica em Cuba, enquanto Trump chegou a afirmar, em evento na Fl\u00f3rida, que o pa\u00eds pode ser um dos pr\u00f3ximos alvos da estrat\u00e9gia dos Estados Unidos ap\u00f3s o conflito no Ir\u00e3.<\/p>\n<p>VEJA TAMB\u00c9M:<\/p>\n<\/div>","protected":false},"excerpt":{"rendered":"<p>A ONG Observatorio Cubano de Conflictos afirmou, em relat\u00f3rio publicado nesta semana, que registrou 1.245 protestos, den\u00fancias e a\u00e7\u00f5es c\u00edvicas&hellip;<\/p>\n","protected":false},"author":4,"featured_media":328574,"comment_status":"open","ping_status":"open","sticky":false,"template":"","format":"standard","meta":{"footnotes":""},"categories":[204],"tags":[],"class_list":["post-328573","post","type-post","status-publish","format-standard","has-post-thumbnail","hentry","category-ultimas-noticias"],"_links":{"self":[{"href":"https:\/\/villanews.com.br\/index.php?rest_route=\/wp\/v2\/posts\/328573","targetHints":{"allow":["GET"]}}],"collection":[{"href":"https:\/\/villanews.com.br\/index.php?rest_route=\/wp\/v2\/posts"}],"about":[{"href":"https:\/\/villanews.com.br\/index.php?rest_route=\/wp\/v2\/types\/post"}],"author":[{"embeddable":true,"href":"https:\/\/villanews.com.br\/index.php?rest_route=\/wp\/v2\/users\/4"}],"replies":[{"embeddable":true,"href":"https:\/\/villanews.com.br\/index.php?rest_route=%2Fwp%2Fv2%2Fcomments&post=328573"}],"version-history":[{"count":0,"href":"https:\/\/villanews.com.br\/index.php?rest_route=\/wp\/v2\/posts\/328573\/revisions"}],"wp:featuredmedia":[{"embeddable":true,"href":"https:\/\/villanews.com.br\/index.php?rest_route=\/wp\/v2\/media\/328574"}],"wp:attachment":[{"href":"https:\/\/villanews.com.br\/index.php?rest_route=%2Fwp%2Fv2%2Fmedia&parent=328573"}],"wp:term":[{"taxonomy":"category","embeddable":true,"href":"https:\/\/villanews.com.br\/index.php?rest_route=%2Fwp%2Fv2%2Fcategories&post=328573"},{"taxonomy":"post_tag","embeddable":true,"href":"https:\/\/villanews.com.br\/index.php?rest_route=%2Fwp%2Fv2%2Ftags&post=328573"}],"curies":[{"name":"wp","href":"https:\/\/api.w.org\/{rel}","templated":true}]}}