{"id":328224,"date":"2026-04-01T19:00:00","date_gmt":"2026-04-01T23:00:00","guid":{"rendered":"https:\/\/villanews.com.br\/?p=328224"},"modified":"2026-04-01T19:00:00","modified_gmt":"2026-04-01T23:00:00","slug":"votacao-pela-expulsao-de-diretores-do-caso-de-camarote-do-sao-paulo-e-marcada","status":"publish","type":"post","link":"https:\/\/villanews.com.br\/?p=328224","title":{"rendered":"Vota\u00e7\u00e3o pela expuls\u00e3o de diretores do caso de camarote do S\u00e3o Paulo \u00e9 marcada"},"content":{"rendered":"<div class=\"text-darkgray lg:w-2\/3\">\n<h2>Com a recomenda\u00e7\u00e3o de pena m\u00e1xima, Douglas Schwartzmann e Mara Casares foram encaminhados para exclus\u00e3o do quadro associativo do S\u00e3o Paulo<\/h2>\n<p><img decoding=\"async\" src=\"https:\/\/media-manager.noticiasaominuto.com.br\/960\/naom_6650438b2591d.webp\" \/><\/p>\n<p>\u00a9 Shutterstock<\/p>\n<p><img decoding=\"async\" src=\"https:\/\/noticiasaominutobr-img.com\/team\/naom.png\" \/><\/p>\n<p><span><br \/>\n                    01\/04\/2026 20:00 \u2027<br \/>\n                    h\u00e1 1 hora<br \/>\n                    por Folhapress<br \/>\n                <\/span><\/p>\n<p>\n                        Esporte\n                    <\/p>\n<p>\n<a href=\"https:\/\/www.noticiasaominuto.com.br\/esporte\/tag\/futebol\"><br \/>\n                                Futebol<br \/>\n                            <\/a>\n<\/p>\n<div class=\"article-content mb-24 font-slab text-paragraph font-light\">\n<p><span>S<\/span>\u00c3O PAULO, SP (UOL\/FOLHAPRESS) &#8211; A vota\u00e7\u00e3o no Conselho Deliberativo do S\u00e3o Paulo pela expuls\u00e3o de Douglas Schwartzmann e Mara Casares tem data marcada: dia 8 de abril.\u00a0Presidente do casa, Olten Ayres de Abreu definiu a data do pleito nesta ter\u00e7a-feira (31).<\/p>\n<p>                                                        \u00a0<\/p>\n<p>A pauta, encaminhada a Olten ap\u00f3s recomenda\u00e7\u00e3o un\u00e2nime da Comiss\u00e3o de \u00c9tica pela expuls\u00e3o da dupla, \u00e9 pela sa\u00edda de ambos n\u00e3o s\u00f3 do Conselho, mas tamb\u00e9m do clube.<\/p>\n<p>A decis\u00e3o foi anunciada por Luiz Braga, relator respons\u00e1vel pelo caso. Os cinco membros da Comiss\u00e3o decidiram pela pena m\u00e1xima.<\/p>\n<p>Com a recomenda\u00e7\u00e3o de pena m\u00e1xima, Douglas Schwartzmann e Mara Casares foram encaminhados para exclus\u00e3o do quadro associativo do S\u00e3o Paulo. O caso de Douglas envolve tamb\u00e9m a perda de mandato, visto que o ex-diretor adjunto da base \u00e9 conselheiro vital\u00edcio do clube.<\/p>\n<p>J\u00e1 Mara Casares renunciou ao cargo de conselheira eleita em dezembro de 2025, em meio ao auge da repercuss\u00e3o do caso. A Comiss\u00e3o encaminhou a ex-diretora feminina, cultural e de eventos do S\u00e3o Paulo para exclus\u00e3o do quadro de s\u00f3cios.<\/p>\n<p>O qu\u00f3rum para aprova\u00e7\u00e3o \u00e9 de maioria qualificada da casa -ou seja, dois ter\u00e7os dos 254 conselheiros aptos, hoje, ao voto, e a vota\u00e7\u00e3o, fechada.<\/p>\n<h3>RELEMBRE O CASO<\/h3>\n<p>Schwartzmann e Mara Casares protagonizaram um \u00e1udio no qual falam de uma suposta comercializa\u00e7\u00e3o ilegal de ingressos de um camarote para o show da cantora Shakira, que ocorreu em fevereiro do ano passado, no Morumbis. Ambos seguem afastados e alvos de sindic\u00e2ncia interna.<\/p>\n<p>O nome do Marcio Carlomagno, considerado internamente o &#8216;bra\u00e7o direito&#8217; de Casares, indicado pelo mandat\u00e1rio como superintendente geral do clube no CT da Barra Funda e at\u00e9 ent\u00e3o principal nome da situa\u00e7\u00e3o pol\u00edtica para a elei\u00e7\u00e3o presidencial do clube em 2026, tamb\u00e9m foi citado no \u00e1udio.<\/p>\n<p>Douglas reconhece que a opera\u00e7\u00e3o foi clandestina, afirma que Carlomagno tinha conhecimento dos fatos e demonstra preocupa\u00e7\u00e3o com os reflexos internos no clube, incluindo o risco de puni\u00e7\u00f5es e desgaste pol\u00edtico para os envolvidos.<\/p>\n<p>O camarote envolvido \u00e9 o 3A, localizado no setor leste do est\u00e1dio e registrado nos sistemas internos como &#8220;sala da presid\u00eancia&#8221;.<\/p>\n<p>Mara Casares teria recebido de Carlomagno o direito de uso do camarote 3A do est\u00e1dio e repassado o espa\u00e7o para explora\u00e7\u00e3o comercial no show de Shakira, em fevereiro. A venda dos ingressos ficou a cargo de Rita de C\u00e1ssia Adriana Prado, que faturou cerca de R$ 132 mil com entradas de at\u00e9 R$ 2.100.<\/p>\n<p>O caso avan\u00e7ou para a esfera judicial ap\u00f3s Adriana acionar uma empresa parceira por suposta apropria\u00e7\u00e3o de ingressos sem pagamento. Com o boletim de ocorr\u00eancia e o processo em andamento, Douglas Schwartzmann e Mara passaram a pression\u00e1-la para retirar a a\u00e7\u00e3o.<\/p>\n<p>O esc\u00e2ndalo foi o que fomentou o afastamento dos diretores, alvos de auditorias interna e externa, bem como o processo de impeachment que culminou na ren\u00fancia de Casares \u00e0 cadeira de presidente. Carlomagno acabou tendo demiss\u00e3o encaminhada dois dias depois de Harry Massis J\u00fanior assumir a presid\u00eancia do clube.<\/p>\n<p>Leia Tamb\u00e9m: <a href=\"https:\/\/www.noticiasaominuto.com.br\/fama\/2371384\/neymar-consegue-anular-multa-de-r-16-milhoes-por-construcao-de-lago\">Neymar consegue anular multa de R$ 16 milh\u00f5es por constru\u00e7\u00e3o de lago<\/a><\/p>\n<\/div>\n<p>\n            Partilhe a not\u00edcia\n        <\/p>\n<\/div>","protected":false},"excerpt":{"rendered":"<p>Com a recomenda\u00e7\u00e3o de pena m\u00e1xima, Douglas Schwartzmann e Mara Casares foram encaminhados para exclus\u00e3o do quadro associativo do S\u00e3o&hellip;<\/p>\n","protected":false},"author":4,"featured_media":328225,"comment_status":"open","ping_status":"open","sticky":false,"template":"","format":"standard","meta":{"footnotes":""},"categories":[6],"tags":[],"class_list":["post-328224","post","type-post","status-publish","format-standard","has-post-thumbnail","hentry","category-esportes"],"_links":{"self":[{"href":"https:\/\/villanews.com.br\/index.php?rest_route=\/wp\/v2\/posts\/328224","targetHints":{"allow":["GET"]}}],"collection":[{"href":"https:\/\/villanews.com.br\/index.php?rest_route=\/wp\/v2\/posts"}],"about":[{"href":"https:\/\/villanews.com.br\/index.php?rest_route=\/wp\/v2\/types\/post"}],"author":[{"embeddable":true,"href":"https:\/\/villanews.com.br\/index.php?rest_route=\/wp\/v2\/users\/4"}],"replies":[{"embeddable":true,"href":"https:\/\/villanews.com.br\/index.php?rest_route=%2Fwp%2Fv2%2Fcomments&post=328224"}],"version-history":[{"count":0,"href":"https:\/\/villanews.com.br\/index.php?rest_route=\/wp\/v2\/posts\/328224\/revisions"}],"wp:featuredmedia":[{"embeddable":true,"href":"https:\/\/villanews.com.br\/index.php?rest_route=\/wp\/v2\/media\/328225"}],"wp:attachment":[{"href":"https:\/\/villanews.com.br\/index.php?rest_route=%2Fwp%2Fv2%2Fmedia&parent=328224"}],"wp:term":[{"taxonomy":"category","embeddable":true,"href":"https:\/\/villanews.com.br\/index.php?rest_route=%2Fwp%2Fv2%2Fcategories&post=328224"},{"taxonomy":"post_tag","embeddable":true,"href":"https:\/\/villanews.com.br\/index.php?rest_route=%2Fwp%2Fv2%2Ftags&post=328224"}],"curies":[{"name":"wp","href":"https:\/\/api.w.org\/{rel}","templated":true}]}}