{"id":327734,"date":"2026-04-01T07:02:09","date_gmt":"2026-04-01T11:02:09","guid":{"rendered":"https:\/\/villanews.com.br\/?p=327734"},"modified":"2026-04-01T07:02:09","modified_gmt":"2026-04-01T11:02:09","slug":"policia-militar-detem-cinco-pessoas-e-apreende-ovos-de-pascoa-que-seriam-distribuidos-por-faccao","status":"publish","type":"post","link":"https:\/\/villanews.com.br\/?p=327734","title":{"rendered":"Pol\u00edcia Militar det\u00e9m cinco pessoas e apreende ovos de P\u00e1scoa que seriam distribu\u00eddos por fac\u00e7\u00e3o"},"content":{"rendered":"<div class=\"component-html\" data-lfr-editable-id=\"element-html\" data-lfr-editable-type=\"html\">\n<small>PRIMAVERA DO LESTE<\/small>\n<h2><strong>Pol\u00edcia Militar det\u00e9m cinco pessoas e apreende ovos de P\u00e1scoa que seriam distribu\u00eddos por fac\u00e7\u00e3o<\/strong><\/h2>\n<hr \/>\n<h5>01 de Abril de 2026 \u00e0s 10:45<\/h5>\n<h5>Criminosos confessaram que objetivo era corromper menores; por\u00e7\u00f5es de drogas tamb\u00e9m foram apreendidas<\/h5>\n<div><span>Hallef Oliveira<\/span> | <span>PMMT<\/span>\n<\/div>\n<p> <img decoding=\"async\" src=\"https:\/\/www.pm.mt.gov.br\/o\/adaptive-media\/image\/78567151\/Thumbnail-1024x1024\/01.04%20ovos%20de%20pasco%20(1).jpg\" title=\" \" \/><\/p>\n<div><a>A<\/a> | <a>A<\/a>\n<\/div>\n<div class=\"full-content\">\n<p>Tr\u00eas homens, uma mulher e uma adolescente foram detidos pela Pol\u00edcia Militar por crimes de tr\u00e1fico de drogas e promo\u00e7\u00e3o de fac\u00e7\u00e3o criminosa, na noite desta ter\u00e7a-feira (31.1), em Primavera do Leste. Com a quadrilha, a PM apreendeu 35 ovos de P\u00e1scoa clandestinos, refrigerantes e doces que seriam distribu\u00eddos para crian\u00e7as pela fac\u00e7\u00e3o. Por\u00e7\u00f5es de drogas tamb\u00e9m foram apreendidas.<\/p>\n<p>De acordo com o boletim de ocorr\u00eancia, equipes do 14\u00ba Batalh\u00e3o, com apoio de setores de intelig\u00eancia, receberam informa\u00e7\u00f5es de que uma quitinete localizada no bairro S\u00e3o Crist\u00f3v\u00e3o estaria sendo utilizada por integrantes de uma fac\u00e7\u00e3o criminosa. No local, segundo a den\u00fancia, ocorria tanto a fabrica\u00e7\u00e3o de ovos de P\u00e1scoa em condi\u00e7\u00f5es insalubres quanto a comercializa\u00e7\u00e3o de entorpecentes.<\/p>\n<p>Os policiais seguiram para o endere\u00e7o informado e fizeram monitoramento, encontrando um suspeito, que tentou fugir ao perceber a presen\u00e7a da PM. Rapidamente, ele foi contido e, durante a abordagem, foram encontradas 10 por\u00e7\u00f5es de subst\u00e2ncia an\u00e1loga \u00e0 maconha em sua posse.<\/p>\n<p>Em seguida, os militares seguiram para o interior da resid\u00eancia e encontraram os outros quatro suspeitos. No local, foi constatada a produ\u00e7\u00e3o de alimentos em condi\u00e7\u00f5es insalubres, sendo localizados 35 ovos de P\u00e1scoa, 36 garrafas de refrigerante, dezenas de doces e materiais para embalagem dos doces e para drogas.<\/p>\n<p>Os envolvidos relataram que os produtos seriam distribu\u00eddos para crian\u00e7as da regi\u00e3o com o objetivo de promover a fac\u00e7\u00e3o criminosa. Tamb\u00e9m foi verificado que as embalagens continham as iniciais desta fac\u00e7\u00e3o.<\/p>\n<p>Todos os suspeitos foram conduzidos \u00e0 Delegacia de Pol\u00edcia Judici\u00e1ria Civil, juntamente com o material apreendido, para demais provid\u00eancias.<\/p>\n<p><strong>Disque-den\u00fancia<\/strong><\/p>\n<p>A sociedade pode contribuir com as a\u00e7\u00f5es da Pol\u00edcia Militar de qualquer cidade do Estado, sem precisar se identificar, por meio do 190 ou 0800.065.3939.<\/p>\n<\/div>\n<\/div>","protected":false},"excerpt":{"rendered":"<p>PRIMAVERA DO LESTE Pol\u00edcia Militar det\u00e9m cinco pessoas e apreende ovos de P\u00e1scoa que seriam distribu\u00eddos por fac\u00e7\u00e3o 01 de&hellip;<\/p>\n","protected":false},"author":4,"featured_media":55717,"comment_status":"open","ping_status":"open","sticky":false,"template":"","format":"standard","meta":{"footnotes":""},"categories":[172],"tags":[],"class_list":["post-327734","post","type-post","status-publish","format-standard","has-post-thumbnail","hentry","category-policia"],"_links":{"self":[{"href":"https:\/\/villanews.com.br\/index.php?rest_route=\/wp\/v2\/posts\/327734","targetHints":{"allow":["GET"]}}],"collection":[{"href":"https:\/\/villanews.com.br\/index.php?rest_route=\/wp\/v2\/posts"}],"about":[{"href":"https:\/\/villanews.com.br\/index.php?rest_route=\/wp\/v2\/types\/post"}],"author":[{"embeddable":true,"href":"https:\/\/villanews.com.br\/index.php?rest_route=\/wp\/v2\/users\/4"}],"replies":[{"embeddable":true,"href":"https:\/\/villanews.com.br\/index.php?rest_route=%2Fwp%2Fv2%2Fcomments&post=327734"}],"version-history":[{"count":0,"href":"https:\/\/villanews.com.br\/index.php?rest_route=\/wp\/v2\/posts\/327734\/revisions"}],"wp:featuredmedia":[{"embeddable":true,"href":"https:\/\/villanews.com.br\/index.php?rest_route=\/wp\/v2\/media\/55717"}],"wp:attachment":[{"href":"https:\/\/villanews.com.br\/index.php?rest_route=%2Fwp%2Fv2%2Fmedia&parent=327734"}],"wp:term":[{"taxonomy":"category","embeddable":true,"href":"https:\/\/villanews.com.br\/index.php?rest_route=%2Fwp%2Fv2%2Fcategories&post=327734"},{"taxonomy":"post_tag","embeddable":true,"href":"https:\/\/villanews.com.br\/index.php?rest_route=%2Fwp%2Fv2%2Ftags&post=327734"}],"curies":[{"name":"wp","href":"https:\/\/api.w.org\/{rel}","templated":true}]}}