{"id":327611,"date":"2026-04-01T08:28:21","date_gmt":"2026-04-01T12:28:21","guid":{"rendered":"https:\/\/villanews.com.br\/?p=327611"},"modified":"2026-04-01T08:28:21","modified_gmt":"2026-04-01T12:28:21","slug":"policia-civil-prende-investigado-por-roubo-e-carcere-privado-de-caminhoneiro-em-poxoreu","status":"publish","type":"post","link":"https:\/\/villanews.com.br\/?p=327611","title":{"rendered":"Pol\u00edcia Civil prende investigado por roubo e c\u00e1rcere privado de caminhoneiro em Poxor\u00e9u"},"content":{"rendered":"<div class=\"component-html\" data-lfr-editable-id=\"element-html\" data-lfr-editable-type=\"html\">\n<small>MANDADO CUMPRIDO<\/small>\n<h2><strong>Pol\u00edcia Civil prende investigado por roubo e c\u00e1rcere privado de caminhoneiro em Poxor\u00e9u<\/strong><\/h2>\n<hr \/>\n<h5>01 de Abril de 2026 \u00e0s 11:58<\/h5>\n<h5>Preso \u00e9 suspeito de integrar uma quadrilha respons\u00e1vel por roubos e sequestros de caminhoneiros na MT-130<\/h5>\n<div><span>Karina Cabral<\/span> | <span>Pol\u00edcia Civil &#8211; MT<\/span>\n<\/div>\n<div>\n     Pol\u00edcia Civil &#8211; MT\n    <\/div>\n<p> <img decoding=\"async\" src=\"https:\/\/www.pjc.mt.gov.br\/o\/adaptive-media\/image\/74045954\/Thumbnail-1024x1024\/Delegacia%20de%20Poxor%C3%A9u.jpeg\" title=\" Pol\u00edcia Civil - MT\" \/><\/p>\n<div><a>A<\/a> | <a>A<\/a>\n<\/div>\n<div class=\"full-content\">\n<p>A Pol\u00edcia Civil prendeu, nesta ter\u00e7a-feira (31.3), um homem, de 39 anos, investigado pelo roubo e c\u00e1rcere privado de um caminhoneiro na MT-130, em Poxor\u00e9u.<\/p>\n<p>O mandado, expedido pela Segunda Vara Criminal e C\u00edvel de Porox\u00e9u, foi cumprido em uma a\u00e7\u00e3o conjunta entre as equipes das Delegacias de Poxor\u00e9u e de Campo Verde. O investigado foi localizado na casa em que estava morando, no bairro S\u00e3o Miguel, em Campo Verde, por volta das 17 horas.<\/p>\n<p>O crime pelo qual ele \u00e9 investigado ocorreu em 2022. Ele \u00e9 suspeito de integrar uma quadrilha que promovia roubos e sequestros de caminhoneiros na MT-130, estrada que liga Rondon\u00f3polis a Primavera do Leste, passando por Poxor\u00e9u.<\/p>\n<p>Os crimes estavam ocorrendo cerca de tr\u00eas a quatro vezes por semana. Em um desses roubos, um caminhoneiro foi colocada dentro de um carro, amarrado, encapuzado e levado de Poxor\u00e9u para Rondon\u00f3polis, onde ficou em um cativeiro at\u00e9 o grupo se desfazer do caminh\u00e3o.<\/p>\n<p>Por\u00e9m, o grupo precisou parar em um ped\u00e1gio, chamou aten\u00e7\u00e3o da Pol\u00edcia Civil e foi identificado. Os comparsas do investigado foram presos, mas somente ele seguia foragido, sendo localizado e preso nesta ter\u00e7a-feira (31).<\/p>\n<\/div>\n<\/div>","protected":false},"excerpt":{"rendered":"<p>MANDADO CUMPRIDO Pol\u00edcia Civil prende investigado por roubo e c\u00e1rcere privado de caminhoneiro em Poxor\u00e9u 01 de Abril de 2026&hellip;<\/p>\n","protected":false},"author":4,"featured_media":55717,"comment_status":"open","ping_status":"open","sticky":false,"template":"","format":"standard","meta":{"footnotes":""},"categories":[172],"tags":[],"class_list":["post-327611","post","type-post","status-publish","format-standard","has-post-thumbnail","hentry","category-policia"],"_links":{"self":[{"href":"https:\/\/villanews.com.br\/index.php?rest_route=\/wp\/v2\/posts\/327611","targetHints":{"allow":["GET"]}}],"collection":[{"href":"https:\/\/villanews.com.br\/index.php?rest_route=\/wp\/v2\/posts"}],"about":[{"href":"https:\/\/villanews.com.br\/index.php?rest_route=\/wp\/v2\/types\/post"}],"author":[{"embeddable":true,"href":"https:\/\/villanews.com.br\/index.php?rest_route=\/wp\/v2\/users\/4"}],"replies":[{"embeddable":true,"href":"https:\/\/villanews.com.br\/index.php?rest_route=%2Fwp%2Fv2%2Fcomments&post=327611"}],"version-history":[{"count":0,"href":"https:\/\/villanews.com.br\/index.php?rest_route=\/wp\/v2\/posts\/327611\/revisions"}],"wp:featuredmedia":[{"embeddable":true,"href":"https:\/\/villanews.com.br\/index.php?rest_route=\/wp\/v2\/media\/55717"}],"wp:attachment":[{"href":"https:\/\/villanews.com.br\/index.php?rest_route=%2Fwp%2Fv2%2Fmedia&parent=327611"}],"wp:term":[{"taxonomy":"category","embeddable":true,"href":"https:\/\/villanews.com.br\/index.php?rest_route=%2Fwp%2Fv2%2Fcategories&post=327611"},{"taxonomy":"post_tag","embeddable":true,"href":"https:\/\/villanews.com.br\/index.php?rest_route=%2Fwp%2Fv2%2Ftags&post=327611"}],"curies":[{"name":"wp","href":"https:\/\/api.w.org\/{rel}","templated":true}]}}